{"id":158732,"date":"2022-06-06T17:45:00","date_gmt":"2022-06-06T15:45:00","guid":{"rendered":"http:\/\/www.tucomarca.com\/wordpress\/segunda\/?p=158732"},"modified":"2022-06-07T10:25:47","modified_gmt":"2022-06-07T08:25:47","slug":"a-butterflys-heart-mejor-pelicula-de-la-segunda-edicion-de-pantalla-alborache","status":"publish","type":"post","link":"https:\/\/www.tucomarca.com\/wordpress\/segunda\/a-butterflys-heart-mejor-pelicula-de-la-segunda-edicion-de-pantalla-alborache\/","title":{"rendered":"\u2018A Butterfly\u2019s Heart\u2019, Mejor Pel\u00edcula de la segunda edici\u00f3n de Pantalla Alborache"},"content":{"rendered":"\n<figure class=\"wp-block-gallery columns-2 is-cropped wp-block-gallery-1 is-layout-flex wp-block-gallery-is-layout-flex\"><ul class=\"blocks-gallery-grid\"><li class=\"blocks-gallery-item\"><figure><img loading=\"lazy\" decoding=\"async\" width=\"819\" height=\"1024\" src=\"https:\/\/www.tucomarca.com\/wordpress\/segunda\/wp-content\/uploads\/2022\/06\/PantallaAlboracheGanadores-819x1024.jpg\" alt=\"\" data-id=\"158738\" data-full-url=\"https:\/\/www.tucomarca.com\/wordpress\/segunda\/wp-content\/uploads\/2022\/06\/PantallaAlboracheGanadores.jpg\" data-link=\"https:\/\/www.tucomarca.com\/wordpress\/segunda\/?attachment_id=158738\" class=\"wp-image-158738\" srcset=\"https:\/\/www.tucomarca.com\/wordpress\/segunda\/wp-content\/uploads\/2022\/06\/PantallaAlboracheGanadores-819x1024.jpg 819w, https:\/\/www.tucomarca.com\/wordpress\/segunda\/wp-content\/uploads\/2022\/06\/PantallaAlboracheGanadores-240x300.jpg 240w, https:\/\/www.tucomarca.com\/wordpress\/segunda\/wp-content\/uploads\/2022\/06\/PantallaAlboracheGanadores-768x960.jpg 768w, https:\/\/www.tucomarca.com\/wordpress\/segunda\/wp-content\/uploads\/2022\/06\/PantallaAlboracheGanadores.jpg 1080w\" sizes=\"auto, (max-width: 819px) 100vw, 819px\" \/><\/figure><\/li><li class=\"blocks-gallery-item\"><figure><img loading=\"lazy\" decoding=\"async\" width=\"1024\" height=\"1024\" src=\"https:\/\/www.tucomarca.com\/wordpress\/segunda\/wp-content\/uploads\/2022\/06\/PantallaAlborache22_clau-1024x1024.jpg\" alt=\"\" data-id=\"158740\" data-full-url=\"https:\/\/www.tucomarca.com\/wordpress\/segunda\/wp-content\/uploads\/2022\/06\/PantallaAlborache22_clau.jpg\" data-link=\"https:\/\/www.tucomarca.com\/wordpress\/segunda\/?attachment_id=158740\" class=\"wp-image-158740\" srcset=\"https:\/\/www.tucomarca.com\/wordpress\/segunda\/wp-content\/uploads\/2022\/06\/PantallaAlborache22_clau-1024x1024.jpg 1024w, https:\/\/www.tucomarca.com\/wordpress\/segunda\/wp-content\/uploads\/2022\/06\/PantallaAlborache22_clau-300x300.jpg 300w, https:\/\/www.tucomarca.com\/wordpress\/segunda\/wp-content\/uploads\/2022\/06\/PantallaAlborache22_clau-290x290.jpg 290w, https:\/\/www.tucomarca.com\/wordpress\/segunda\/wp-content\/uploads\/2022\/06\/PantallaAlborache22_clau-768x768.jpg 768w, https:\/\/www.tucomarca.com\/wordpress\/segunda\/wp-content\/uploads\/2022\/06\/PantallaAlborache22_clau.jpg 1152w\" sizes=\"auto, (max-width: 1024px) 100vw, 1024px\" \/><\/figure><\/li><\/ul><\/figure>\n\n\n\n<p>Alborache ha clausurado este pasado s\u00e1bado, 4 de junio, su segunda edici\u00f3n del Festival Internacional de Cine Infantil y Juvenil en el medio rural Pantalla Alborache.<\/p>\n\n\n\n<p>Durante la ma\u00f1ana del \u00faltimo d\u00eda del Festival Internacional de Cine se realiz\u00f3 el taller <em>\u2018Acci\u00f3! Curs pr\u00e0ctic de cine per a xiquets, joves i adults\u2019<\/em>, que permiti\u00f3 una aproximaci\u00f3n pr\u00e1ctica y divertida al lenguaje cinematogr\u00e1fico y al proceso de grabaci\u00f3n y edici\u00f3n de una obra visual.<\/p>\n\n\n\n<p>Asimismo, en la ceremonia de clausura en el Centro Instructivo Musical \u2018La Primitiva\u2019, presentada por el actor Josema Soler, se dieron a conocer los premiados de esta segunda edici\u00f3n. As\u00ed, la Mejor Pel\u00edcula para el jurado profesional fue: <em>A Butterfly\u2019s Heart<\/em>; asimismo, el Premio CIFEJ recay\u00f3 en<em> I Never Cry.<\/em> Por otro lado, el Premio del jurado infantil fue para el largometraje: <em>Calamity<\/em>; mientras que el Premio del p\u00fablico infantil recay\u00f3 en: <em>La estrella de los simios<\/em>. Asimismo, <em>Calamity<\/em> se hizo con un Acc\u00e9sit.<\/p>\n\n\n\n<p>Como colof\u00f3n final a la segunda edici\u00f3n de Pantalla Alborache, tuvo lugar la actuaci\u00f3n musical realizada por el alumnado de Primaria del CRA Alborache-Macastre inspirado en dos de las pel\u00edculas infantiles: <em>Mary Poppins<\/em> y <em>El Libro de la Selva<\/em>; y la proyecci\u00f3n del documental <em>Mr. Hand Solo<\/em>, del director H\u00e9ctor Romance.<\/p>\n\n\n\n<p>En el transcurso de la ceremonia, desdeel Ayuntamiento de Alborache, se agradeci\u00f3 al p\u00fablico su asistencia y a las empresas colaboradoras su apoyo a esta propuesta innovadora y ambiciosa, para conseguir despertar la conciencia cr\u00edtica y el amor por el s\u00e9ptimo arte en el municipio y en la comarca.<\/p>\n\n\n\n<p>Del mismo modo, se agradece la colaboraci\u00f3n del Ministerio de Igualdad, Conselleria d\u2019Igualtat i Pol\u00edtiques Inclusives, Generalitat Valenciana, IVAJ, Carnet Jove A\u00f1o Europeo y Diputaci\u00f3n de Val\u00e8ncia y SARC.<\/p>\n\n\n\n<p>As\u00ed, un a\u00f1o mas Alborache ha cumplido con los principales objetivos de este Festival Internacional de Cine enfocado en los ni\u00f1os, ni\u00f1as y j\u00f3venes. Por una lado, reivindicar la existencia de oferta cultural diversa y de calidad en el <strong>mundo rural <\/strong>para todas las edades, especialmente para ni\u00f1os, ni\u00f1as y j\u00f3venes. Y por otro, luchar contra el despoblamiento descentralizando la cultura y acerc\u00e1ndola y haci\u00e9ndola m\u00e1s accesible a los peque\u00f1os pueblo del interior de la Comunitat Valenciana.&nbsp;<\/p>\n\n\n\n<p><\/p>\n","protected":false},"excerpt":{"rendered":"<div class=\"mh-excerpt\">Alborache ha clausurado este pasado s\u00e1bado, 4 de junio, su segunda edici\u00f3n del Festival Internacional de Cine Infantil y Juvenil en el medio rural Pantalla Alborache. Durante la ma\u00f1ana del \u00faltimo d\u00eda del Festival Internacional <a class=\"mh-excerpt-more\" href=\"https:\/\/www.tucomarca.com\/wordpress\/segunda\/a-butterflys-heart-mejor-pelicula-de-la-segunda-edicion-de-pantalla-alborache\/\" title=\"\u2018A Butterfly\u2019s Heart\u2019, Mejor Pel\u00edcula de la segunda edici\u00f3n de Pantalla Alborache\">[+] <\/a><\/div>\n","protected":false},"author":12,"featured_media":158736,"comment_status":"open","ping_status":"open","sticky":false,"template":"","format":"standard","meta":{"footnotes":""},"categories":[19,8,10,7,3],"tags":[10386,17228,5952],"class_list":{"0":"post-158732","1":"post","2":"type-post","3":"status-publish","4":"format-standard","5":"has-post-thumbnail","7":"category-alborache","8":"category-la-comarca","9":"category-la-hoya","10":"category-ocio-y-cultura","11":"category-seccion","12":"tag-alborache","13":"tag-ii-festival-pantalla-alborache","14":"tag-la-hoya-de-bunol-chiva"},"_links":{"self":[{"href":"https:\/\/www.tucomarca.com\/wordpress\/segunda\/wp-json\/wp\/v2\/posts\/158732","targetHints":{"allow":["GET"]}}],"collection":[{"href":"https:\/\/www.tucomarca.com\/wordpress\/segunda\/wp-json\/wp\/v2\/posts"}],"about":[{"href":"https:\/\/www.tucomarca.com\/wordpress\/segunda\/wp-json\/wp\/v2\/types\/post"}],"author":[{"embeddable":true,"href":"https:\/\/www.tucomarca.com\/wordpress\/segunda\/wp-json\/wp\/v2\/users\/12"}],"replies":[{"embeddable":true,"href":"https:\/\/www.tucomarca.com\/wordpress\/segunda\/wp-json\/wp\/v2\/comments?post=158732"}],"version-history":[{"count":0,"href":"https:\/\/www.tucomarca.com\/wordpress\/segunda\/wp-json\/wp\/v2\/posts\/158732\/revisions"}],"wp:featuredmedia":[{"embeddable":true,"href":"https:\/\/www.tucomarca.com\/wordpress\/segunda\/wp-json\/wp\/v2\/media\/158736"}],"wp:attachment":[{"href":"https:\/\/www.tucomarca.com\/wordpress\/segunda\/wp-json\/wp\/v2\/media?parent=158732"}],"wp:term":[{"taxonomy":"category","embeddable":true,"href":"https:\/\/www.tucomarca.com\/wordpress\/segunda\/wp-json\/wp\/v2\/categories?post=158732"},{"taxonomy":"post_tag","embeddable":true,"href":"https:\/\/www.tucomarca.com\/wordpress\/segunda\/wp-json\/wp\/v2\/tags?post=158732"}],"curies":[{"name":"wp","href":"https:\/\/api.w.org\/{rel}","templated":true}]}}