{"id":1588,"date":"2012-05-15T12:00:12","date_gmt":"2012-05-15T11:00:12","guid":{"rendered":"http:\/\/www.tucomarca.com\/wordpress\/segunda\/?p=1588"},"modified":"2012-05-15T20:52:54","modified_gmt":"2012-05-15T19:52:54","slug":"el-edil-jose-luis-carrascosa-ia-amenaza-con-querellarse-criminalmente-contra-el-presidente-de-%c2%abla-armonica%c2%bb-de-bunol-jose-corachan","status":"publish","type":"post","link":"https:\/\/www.tucomarca.com\/wordpress\/segunda\/el-edil-jose-luis-carrascosa-ia-amenaza-con-querellarse-criminalmente-contra-el-presidente-de-%c2%abla-armonica%c2%bb-de-bunol-jose-corachan\/","title":{"rendered":"El edil Jos\u00e9 Luis Carrascosa (IA) amenaza con querellarse criminalmente contra el presidente de \u00abLa Arm\u00f3nica\u00bb de Bu\u00f1ol, Jos\u00e9 Corach\u00e1n"},"content":{"rendered":"<figure id=\"attachment_1706\" aria-describedby=\"caption-attachment-1706\" style=\"width: 300px\" class=\"wp-caption alignleft\"><a href=\"https:\/\/www.tucomarca.com\/wordpress\/segunda\/wp-content\/uploads\/2012\/05\/jlcarrasface.jpg\"><img loading=\"lazy\" decoding=\"async\" class=\"size-medium wp-image-1706\" title=\"jlcarrasface\" src=\"https:\/\/www.tucomarca.com\/wordpress\/segunda\/wp-content\/uploads\/2012\/05\/jlcarrasface-300x290.jpg\" alt=\"El concejal bu\u00f1olense Jos\u00e9 Luis Carrascosa (IA).\" width=\"300\" height=\"290\" srcset=\"https:\/\/www.tucomarca.com\/wordpress\/segunda\/wp-content\/uploads\/2012\/05\/jlcarrasface-300x290.jpg 300w, https:\/\/www.tucomarca.com\/wordpress\/segunda\/wp-content\/uploads\/2012\/05\/jlcarrasface.jpg 732w\" sizes=\"auto, (max-width: 300px) 100vw, 300px\" \/><\/a><figcaption id=\"caption-attachment-1706\" class=\"wp-caption-text\">El concejal bu\u00f1olense Jos\u00e9 Luis Carrascosa (IA).<\/figcaption><\/figure>\n<p><strong>El concejal de Izquierda Alternativa de Bu\u00f1ol (IA), Jos\u00e9 Luis Carrascosa, ha anunciado su intenci\u00f3n de interponer \u00abuna querella criminal con responsabilidad penal y civil\u00bb contra el presidente del Centro Instructivo Musical \u00abLa Arm\u00f3nica\u00bb de Bu\u00f1ol, Jos\u00e9 Corach\u00e1n, \u00aben caso de que no se retracte\u00bb de las acusaciones realizadas contra\u00a0 el responsable municpal bu\u00f1olense. Una afirmaci\u00f3n recogida en un comunicado remitido por el edil que reproducimos en su totalidad bajo estas l\u00edneas:<\/strong><\/p>\n<p><em>DECLARACI\u00d3N DE JOS\u00c9 LUIS CARRASCOSA ANTE LAS GRAVES ACUSACIONES VERTIDAS P\u00daBLICAMENTE HAC\u00cdA MI PERSONA POR EL PRESIDENTE DEL CIM LA ARM\u00d3NICA.<\/em><br \/>\n<em> Me veo en el deber y la obligaci\u00f3n de hacer esta declaraci\u00f3n, por respeto a mi familia, a mis amigos, y a mi formaci\u00f3n pol\u00edtica, entre los cuales hay innumerables y excelentes litreros y litreras, a los cuales quiero agradecer de todo coraz\u00f3n el apoyo, \u00e1nimo y comprensi\u00f3n dado estos d\u00edas, y en especial a esas personas que tienen cierta responsabilidad en la sociedad musical, y que nunca nombrar\u00e9 para evitar represalias o presiones, y la hago muy a mi pesar porque en indignante hablar de cosas de este calibre con la que est\u00e1 cayendo, por tanto y debido a las circunstancias, Declaro:<\/em><br \/>\n<em> \u2022\u00a0\u00a0\u00a0 Niego de forma tajante y rotunda los hechos y palabras que se me atribuyen maliciosamente, es una declaraci\u00f3n falsa y torticera, llena de incorrecciones, es una declaraci\u00f3n sesgada y malintencionada que s\u00f3lo busca desacreditar mi persona, perjudicar mi posici\u00f3n pol\u00edtica y da\u00f1ar la imagen como persona y pol\u00edtico tengo dentro y fuera de la Sociedad, a la cual me une mi admiraci\u00f3n y grandes amigos.<\/em><br \/>\n<em> \u2022\u00a0\u00a0\u00a0 He de decir que \u00e9ste es el pago que recibo por mi posici\u00f3n cr\u00edtica denunciando ciertos privilegios econ\u00f3micos y excesivos gastos que tiene este Ayuntamiento con ambas Sociedades Musicales, hay personas que intentan con estas artima\u00f1as intolerables acallar mi voz, cambiar mi pol\u00edtica y la de IAB en este menester, contraria a ciertos gastos y subvenciones millonarias en una \u00e9poca de recesi\u00f3n tan grave en la cual se ha dejado de ingresar en las arcas municipales 2 millones \u20ac. Y por ello recibo este ataque cruel, inveros\u00edmil, y falso, como estrategia de acoso, poniendo en mi boca palabras que nunca he manifestado al lado de s\u00edmbolos del CIM La Arm\u00f3nica como su Auditorio o su escudo.\u00a0 Para ser justo, si que es cierto que he atacado un s\u00edmbolo, al presidente de esta Sociedad D. Jos\u00e9 Corach\u00e1n, al cual califique hasta 4 veces de mentiroso en la \u00faltima reuni\u00f3n del gobierno con la misma delante de su Junta Directiva, y hoy lamentablemente lo har\u00e9 dos veces m\u00e1s.<\/em><br \/>\n<em> \u2022\u00a0\u00a0\u00a0 La situaci\u00f3n es tan vergonzosa, de verg\u00fcenza ajena, que ante la escalada de insultos y desaires a mi persona de este \u00faltimo fin de semana por parte de unos fan\u00e1ticos\/as bien amaestrados, tengo que actuar de forma contundente en defensa de mi dignidad y buen nombre, e incluso de mi seguridad personal. Y por lo tanto exijo la reparaci\u00f3n inmediata de este da\u00f1o irreparable e injusto de forma p\u00fablica y expresa, en caso contrario, muy a mi pesar estar\u00e9 legitimado para buscar dicho reparo en las esferas judiciales, a trav\u00e9s de la interposici\u00f3n de una querella criminal con responsabilidad penal y civil.<\/em><br \/>\n<em> \u2022\u00a0\u00a0\u00a0 Durante el incidente deplorable acaecido el 23 de marzo en la Plaza del Pueblo, y que ha sido publicado de forma sesgada y manipulada, manifiesto de forma rotunda que NUNCA pronuncie la palabra \u201cya era hora que abrieras la m\u2026 del Palacio de la M\u00fasica\u201d, como varios testigos confirmar\u00e1n en las instancias que hagan falta, esto es una grave manipulaci\u00f3n de la realidad de los hechos, que esconde el \u00fanico fin de tan magna acusaci\u00f3n, una aut\u00e9ntica persecuci\u00f3n pol\u00edtica del presidente D. Jos\u00e9 Corach\u00e1n a mi persona. Me considero un concejal ecu\u00e1nime, justo, y especialmente sensible en mi gesti\u00f3n diaria y en especial en lo referente\u00a0 a las Sociedades musicales, he utilizado y sigo haci\u00e9ndolo (la \u00faltima vez el 10 de abril) el Palacio de la M\u00fasica para\u00a0 programar actos, mi gesti\u00f3n de los \u00faltimo a\u00f1os lo avalan (el concierto de Javier Krahe, el concierto de ALL TALL, la gala l\u00edrica de Santa Cecilia de Cullera, las Big Band de jazz) adem\u00e1s el Gobierno acept\u00f3 mi propuesta de que fuera en este Auditorio donde se realizar\u00e1 el acto m\u00e1s importante de los \u00faltimos a\u00f1os, el acto oficial de nombrar hijo predilecto el Villa De Bu\u00f1ol al ilustre Dr. Carlos Sim\u00f3n. Mis hechos y mi gesti\u00f3n distan mucho de unas palabras que nunca se pronunciaron de esa forma y en ese tono, nos encontramos ante una pataleta de patio de colegio que el presidente quiere magnificar para sacar \u00fanicamente r\u00e9dito pol\u00edtico.<\/em><br \/>\n<em> \u2022\u00a0\u00a0\u00a0 Es cierto que debo pedir disculpas p\u00fablicas, tanto a mi partido, como al Gobierno de Bu\u00f1ol, y a los socios y simpatizantes del Litro que represento y apoyan, porque no estuve\u00a0 a la altura del cargo que ostento, y al final ca\u00ed en la continua y persistente provocaci\u00f3n de Eduardo Mart\u00edn Carri\u00f3n \u201dVasco\u201d, lo siento, pero reaccione mal ante las graves acusaciones vertidas por el mismo, con malas y agresivas formas de estar en pol\u00edtica para beneficiarme econ\u00f3micamente, cuestionaba mi gesti\u00f3n trasparente y trayectoria al frente concejal\u00eda de Cultura.<\/em><br \/>\n<em> He dicho en innumerables ocasiones que qui\u00e9n vierte una mentira, no sabe la responsabilidad que asume, porque tendr\u00e1 que inventar 20 m\u00e1s para justificar la primera, en mi vida he comparado el escudo del Litro con la simbolog\u00eda nazi, y menos con la persona nombrada, es una clara falsedad calumniosa de una persona que es a la postre T\u00edo carnal de Eduardo Mart\u00edn y del m\u00e1ximo representante del PP, con la cual no he tenido en mi vida ninguna conversaci\u00f3n trascendente de tal calibre y menos en mi negocio. Ante esta calumnia me quedo sin palabras para calificarla, estoy alucinado.<\/em><br \/>\n<em> \u2022\u00a0\u00a0\u00a0 En ning\u00fan momento la Junta Directiva o su Presidente se ha dirigido a mi, a mi partido o al gobierno de Bu\u00f1ol para pedir explicaciones, verificar los hechos o o\u00edr mi versi\u00f3n sobre lo acontecido, esto denota la forma de proceder con especial exceso de celo, inquina y mala fe hac\u00eda mi persona por parte de Jos\u00e9 Corach\u00e1n, buscando s\u00f3lo el enfrentamiento y la agresi\u00f3n en lugar del di\u00e1logo y el cambio de pareceres. He sido enjuiciado, sentenciado y condenado sin ser escuchado, lo que confirma un evidente dolo en la forma de proceder del presidente. En la Carta publicada la cual no es la misma que la registrada en el Ayuntamiento se omite deliberadamente la petici\u00f3n al Alcalde de mi cese como concejal al igual que minusvalora mi capacidad pol\u00edtica, un acto claramente indigno y antidemocr\u00e1tico.<\/em><br \/>\n<em> \u2022\u00a0\u00a0\u00a0 Si alguien ataca la honorabilidad, la dignidad y la historia del CIM, no soy yo, es su propio Presidente, que con esta forma de proceder autoritaria y maliciosa est\u00e1 da\u00f1ando su propia imagen, su credibilidad y su gesti\u00f3n al frente de Sociedad, perjudicando por un mero af\u00e1n personal y pol\u00edtico a su propia Sociedad, la cual debe estar por encima de las personas que la representan, y de la pol\u00edtica municipal. Desde la ca\u00edda pol\u00edtica de Francisco Carrascosa, el concejal tr\u00e1nsfuga, la deriva, ataque y virulencia del Presidente del CIM contra el Gobierno de Bu\u00f1ol es m\u00e1s que evidente, para muestra la \u00faltimas declaraciones grabadas del mismo, en el acto celebrado por la Asociaci\u00f3n \u201cNo al T\u00fanel\u201d realizadas el d\u00eda 4 de Mayo, declaraciones indignas e irresponsables para una persona que ocupa tan honorable cargo. Tambi\u00e9n recordar que es la primera vez en la democracia que una sociedad musical intenta impugnar los presupuestos municipales, y pone en jaque la operatividad y gesti\u00f3n del Ayuntamiento de Bu\u00f1ol. Si D. Jos\u00e9 Corach\u00e1n quiere hacer pol\u00edtica que se presente a unas elecciones municipales, y si resulta elegido tendr\u00e1 todo el derecho del mundo, le esperamos ansiosamente.<\/em><\/p>\n","protected":false},"excerpt":{"rendered":"<div class=\"mh-excerpt\">El concejal de Izquierda Alternativa de Bu\u00f1ol (IA), Jos\u00e9 Luis Carrascosa, ha anunciado su intenci\u00f3n de interponer \u00abuna querella criminal con responsabilidad penal y civil\u00bb contra el presidente del Centro Instructivo Musical \u00abLa Arm\u00f3nica\u00bb de <a class=\"mh-excerpt-more\" href=\"https:\/\/www.tucomarca.com\/wordpress\/segunda\/el-edil-jose-luis-carrascosa-ia-amenaza-con-querellarse-criminalmente-contra-el-presidente-de-%c2%abla-armonica%c2%bb-de-bunol-jose-corachan\/\" title=\"El edil Jos\u00e9 Luis Carrascosa (IA) amenaza con querellarse criminalmente contra el presidente de \u00abLa Arm\u00f3nica\u00bb de Bu\u00f1ol, Jos\u00e9 Corach\u00e1n\">[+] <\/a><\/div>\n","protected":false},"author":1,"featured_media":1706,"comment_status":"open","ping_status":"open","sticky":false,"template":"","format":"standard","meta":{"footnotes":""},"categories":[18,8,10,3],"tags":[],"class_list":{"0":"post-1588","1":"post","2":"type-post","3":"status-publish","4":"format-standard","5":"has-post-thumbnail","7":"category-bunol","8":"category-la-comarca","9":"category-la-hoya","10":"category-seccion"},"_links":{"self":[{"href":"https:\/\/www.tucomarca.com\/wordpress\/segunda\/wp-json\/wp\/v2\/posts\/1588","targetHints":{"allow":["GET"]}}],"collection":[{"href":"https:\/\/www.tucomarca.com\/wordpress\/segunda\/wp-json\/wp\/v2\/posts"}],"about":[{"href":"https:\/\/www.tucomarca.com\/wordpress\/segunda\/wp-json\/wp\/v2\/types\/post"}],"author":[{"embeddable":true,"href":"https:\/\/www.tucomarca.com\/wordpress\/segunda\/wp-json\/wp\/v2\/users\/1"}],"replies":[{"embeddable":true,"href":"https:\/\/www.tucomarca.com\/wordpress\/segunda\/wp-json\/wp\/v2\/comments?post=1588"}],"version-history":[{"count":0,"href":"https:\/\/www.tucomarca.com\/wordpress\/segunda\/wp-json\/wp\/v2\/posts\/1588\/revisions"}],"wp:featuredmedia":[{"embeddable":true,"href":"https:\/\/www.tucomarca.com\/wordpress\/segunda\/wp-json\/wp\/v2\/media\/1706"}],"wp:attachment":[{"href":"https:\/\/www.tucomarca.com\/wordpress\/segunda\/wp-json\/wp\/v2\/media?parent=1588"}],"wp:term":[{"taxonomy":"category","embeddable":true,"href":"https:\/\/www.tucomarca.com\/wordpress\/segunda\/wp-json\/wp\/v2\/categories?post=1588"},{"taxonomy":"post_tag","embeddable":true,"href":"https:\/\/www.tucomarca.com\/wordpress\/segunda\/wp-json\/wp\/v2\/tags?post=1588"}],"curies":[{"name":"wp","href":"https:\/\/api.w.org\/{rel}","templated":true}]}}