{"id":15881,"date":"2013-06-27T12:12:56","date_gmt":"2013-06-27T09:12:56","guid":{"rendered":"http:\/\/www.tucomarca.com\/wordpress\/segunda\/?p=15881"},"modified":"2013-06-27T12:13:03","modified_gmt":"2013-06-27T09:13:03","slug":"la-pantalla-tactil-de-informacion-turistica-de-requena-vuelve-a-ser-objeto-de-actos-vandalicos","status":"publish","type":"post","link":"https:\/\/www.tucomarca.com\/wordpress\/segunda\/la-pantalla-tactil-de-informacion-turistica-de-requena-vuelve-a-ser-objeto-de-actos-vandalicos\/","title":{"rendered":"La pantalla t\u00e1ctil de informaci\u00f3n tur\u00edstica de Requena vuelve a ser objeto de actos vand\u00e1licos"},"content":{"rendered":"<p><figure id=\"attachment_15882\" aria-describedby=\"caption-attachment-15882\" style=\"width: 300px\" class=\"wp-caption alignleft\"><a href=\"https:\/\/www.tucomarca.com\/wordpress\/segunda\/?attachment_id=15882\" rel=\"attachment wp-att-15882\"><img loading=\"lazy\" decoding=\"async\" src=\"https:\/\/www.tucomarca.com\/wordpress\/segunda\/wp-content\/uploads\/2013\/06\/Pantalla-Turismo-300x225.jpg\" alt=\"\" title=\"Pantalla Turismo\" width=\"300\" height=\"225\" class=\"size-medium wp-image-15882\" srcset=\"https:\/\/www.tucomarca.com\/wordpress\/segunda\/wp-content\/uploads\/2013\/06\/Pantalla-Turismo-300x225.jpg 300w, https:\/\/www.tucomarca.com\/wordpress\/segunda\/wp-content\/uploads\/2013\/06\/Pantalla-Turismo.jpg 800w\" sizes=\"auto, (max-width: 300px) 100vw, 300px\" \/><\/a><figcaption id=\"caption-attachment-15882\" class=\"wp-caption-text\">Aspecto de la pantalla tras los actos vand\u00e1licos. tc.c<\/figcaption><\/figure>La pantalla t\u00e1ctil que ofrece informaci\u00f3n tur\u00edstica de Requena las 24 horas del d\u00eda, situada en la Oficina de Turismo, volvi\u00f3 a ser objeto de un acto vand\u00e1lico que ha provocado la rotura del cristal que protege la pantalla. Los hechos ya han sido  denunciados y se est\u00e1 a la espera de que la investigaci\u00f3n lleve a identificar la persona o personas que han llevado a cabo este acto.<br \/>\nNo se trata de un hecho aislado, ya que esta pantalla sufri\u00f3 da\u00f1os en un acto similar hace unos meses. Desde el Ayuntamiento de Requena se apela a la responsabilidad ciudadana \u00abpara que no vuelvan a suceder este tipo de incidentes y queremos pedir respeto por el mobiliario urbano de nuestra ciudad, ya que es patrimonio de todos y se ha instalado para el uso disfrute de todos, tanto requenenses como turistas\u00bb.<\/p>\n","protected":false},"excerpt":{"rendered":"<div class=\"mh-excerpt\">La pantalla t\u00e1ctil que ofrece informaci\u00f3n tur\u00edstica de Requena las 24 horas del d\u00eda, situada en la Oficina de Turismo, volvi\u00f3 a ser objeto de un acto vand\u00e1lico que ha provocado la rotura del cristal <a class=\"mh-excerpt-more\" href=\"https:\/\/www.tucomarca.com\/wordpress\/segunda\/la-pantalla-tactil-de-informacion-turistica-de-requena-vuelve-a-ser-objeto-de-actos-vandalicos\/\" title=\"La pantalla t\u00e1ctil de informaci\u00f3n tur\u00edstica de Requena vuelve a ser objeto de actos vand\u00e1licos\">[+] <\/a><\/div>\n","protected":false},"author":2,"featured_media":15882,"comment_status":"open","ping_status":"open","sticky":false,"template":"","format":"standard","meta":{"footnotes":""},"categories":[8,28,27,3,116,45],"tags":[1269,10388,703,1268],"class_list":{"0":"post-15881","1":"post","2":"type-post","3":"status-publish","4":"format-standard","5":"has-post-thumbnail","7":"category-la-comarca","8":"category-requena","9":"category-requena-utiel","10":"category-seccion","11":"category-sucesos-la-comarca","12":"category-ventana","13":"tag-pantalla-tactil","14":"tag-requena","15":"tag-turismo","16":"tag-vandalismo"},"_links":{"self":[{"href":"https:\/\/www.tucomarca.com\/wordpress\/segunda\/wp-json\/wp\/v2\/posts\/15881","targetHints":{"allow":["GET"]}}],"collection":[{"href":"https:\/\/www.tucomarca.com\/wordpress\/segunda\/wp-json\/wp\/v2\/posts"}],"about":[{"href":"https:\/\/www.tucomarca.com\/wordpress\/segunda\/wp-json\/wp\/v2\/types\/post"}],"author":[{"embeddable":true,"href":"https:\/\/www.tucomarca.com\/wordpress\/segunda\/wp-json\/wp\/v2\/users\/2"}],"replies":[{"embeddable":true,"href":"https:\/\/www.tucomarca.com\/wordpress\/segunda\/wp-json\/wp\/v2\/comments?post=15881"}],"version-history":[{"count":0,"href":"https:\/\/www.tucomarca.com\/wordpress\/segunda\/wp-json\/wp\/v2\/posts\/15881\/revisions"}],"wp:featuredmedia":[{"embeddable":true,"href":"https:\/\/www.tucomarca.com\/wordpress\/segunda\/wp-json\/wp\/v2\/media\/15882"}],"wp:attachment":[{"href":"https:\/\/www.tucomarca.com\/wordpress\/segunda\/wp-json\/wp\/v2\/media?parent=15881"}],"wp:term":[{"taxonomy":"category","embeddable":true,"href":"https:\/\/www.tucomarca.com\/wordpress\/segunda\/wp-json\/wp\/v2\/categories?post=15881"},{"taxonomy":"post_tag","embeddable":true,"href":"https:\/\/www.tucomarca.com\/wordpress\/segunda\/wp-json\/wp\/v2\/tags?post=15881"}],"curies":[{"name":"wp","href":"https:\/\/api.w.org\/{rel}","templated":true}]}}