{"id":15890,"date":"2013-06-27T14:18:08","date_gmt":"2013-06-27T11:18:08","guid":{"rendered":"http:\/\/www.tucomarca.com\/wordpress\/segunda\/?p=15890"},"modified":"2013-06-27T14:18:15","modified_gmt":"2013-06-27T11:18:15","slug":"el-hospital-de-manises-realiza-revisiones-de-piel-a-los-pasajeros-del-aeropuerto","status":"publish","type":"post","link":"https:\/\/www.tucomarca.com\/wordpress\/segunda\/el-hospital-de-manises-realiza-revisiones-de-piel-a-los-pasajeros-del-aeropuerto\/","title":{"rendered":"El Hospital de Manises realiza revisiones de piel a los pasajeros del aeropuerto"},"content":{"rendered":"<p><figure id=\"attachment_15891\" aria-describedby=\"caption-attachment-15891\" style=\"width: 300px\" class=\"wp-caption alignleft\"><a href=\"https:\/\/www.tucomarca.com\/wordpress\/segunda\/?attachment_id=15891\" rel=\"attachment wp-att-15891\"><img loading=\"lazy\" decoding=\"async\" src=\"https:\/\/www.tucomarca.com\/wordpress\/segunda\/wp-content\/uploads\/2013\/06\/Revision-piel-Aeropuerto-Manises-300x225.jpg\" alt=\"\" title=\"Revision piel Aeropuerto Manises\" width=\"300\" height=\"225\" class=\"size-medium wp-image-15891\" srcset=\"https:\/\/www.tucomarca.com\/wordpress\/segunda\/wp-content\/uploads\/2013\/06\/Revision-piel-Aeropuerto-Manises-300x225.jpg 300w, https:\/\/www.tucomarca.com\/wordpress\/segunda\/wp-content\/uploads\/2013\/06\/Revision-piel-Aeropuerto-Manises-1024x768.jpg 1024w\" sizes=\"auto, (max-width: 300px) 100vw, 300px\" \/><\/a><figcaption id=\"caption-attachment-15891\" class=\"wp-caption-text\">Las revisiones de piel buscan prevenir el c\u00e1ncer. tc.c<\/figcaption><\/figure>Detectar de manera precoz el c\u00e1ncer de piel. Este ha sido el objetivo de la jornada realizada hoy en el Aeropuerto de Manises, que ha permitido a los viajeros revisarse la piel antes de exponerse al sol este verano. Para ello, s\u00f3lo han tenido que acercarse a las consultas especiales habilitadas al efecto por el servicio de Dermatolog\u00eda del Hospital de Manises en la zona de embarque del propio aeropuerto. As\u00ed antes de coger su vuelo y comenzar las vacaciones de verano los viajeros han recibido orientaci\u00f3n y consejo personalizado.<\/p>\n<p>Seg\u00fan ha explicado el doctor Alberto Alfaro, jefe del servicio de Dermatolog\u00eda del centro hospitalario \u201cEl primer diagn\u00f3stico que realizamos es visual. A continuaci\u00f3n, a trav\u00e9s del dermatoscopio analizamos las estructuras de las lesiones pigmentadas que el ojo a simple vista no detecta, lo que nos permite afinar a\u00fan m\u00e1s el diagn\u00f3stico y excluir lesiones premalignas o malignas que requieran tratamiento\u201d.<\/p>\n<p>La poblaci\u00f3n debe tomar conciencia, antes de que sea demasiado tarde, de la importancia de protegerse y revisarse la piel. As\u00ed, todos aquellos que hayan observado alg\u00fan lunar que haya cambiado de tama\u00f1o, color o forma, deber\u00edan pasar por un especialista antes de iniciar sus vacaciones en las que, probablemente, pasar\u00e1n largas jornadas al sol. Y es que un cambio en el aspecto de alguna de estas lesiones puede ser un indicio de que se trata de un melanoma, la forma m\u00e1s seria de c\u00e1ncer de piel. \u201cHay que recordar que el 90% de los casos detectados a tiempo pueden curarse, por eso es fundamental participar en campa\u00f1as de detecci\u00f3n precoz como esta\u201d, indica el doctor Alberto Alfaro, jefe del servicio de Dermatolog\u00eda del Hospital de Manises.<\/p>\n<p>Esta campa\u00f1a pretende concienciar a los ciudadanos de los riesgos de una exposici\u00f3n solar prolongada sin las medidas de protecci\u00f3n adecuadas y la importancia del diagn\u00f3stico precoz. \u201cUna crema con un factor por debajo de 20 es totalmente insuficiente, debemos protegernos a partir de esa graduaci\u00f3n, sobre todo a los m\u00e1s peque\u00f1os, ya que las quemaduras solares de la infancia pueden tener graves consecuencias en la edad adulta\u201d, explica el doctor Alfaro.<\/p>\n<p>Es importante recordar que la Organizaci\u00f3n Mundial de la Salud (OMS) advierte que el c\u00e1ncer de piel aumenta en Espa\u00f1a a un ritmo del 10% anual y que entre un 50% y un 90% de los casos est\u00e1n causados por las radiaciones ultravioletas. En el \u00e1rea de salud de Manises se detectan entre 25 y 30 nuevos casos de este tipo de tumor cada a\u00f1o.<\/p>\n<p>La campa\u00f1a se pone en marcha significativamente en el inicio del verano, porque la exposici\u00f3n solar excesiva puede ocasionar la aparici\u00f3n de melanomas, pero tambi\u00e9n de otras afecciones cut\u00e1neas que se deben prevenir, entre ellas, quemaduras, intolerancias solares, fotoenvejecimiento, etc.<\/p>\n","protected":false},"excerpt":{"rendered":"<div class=\"mh-excerpt\">Detectar de manera precoz el c\u00e1ncer de piel. Este ha sido el objetivo de la jornada realizada hoy en el Aeropuerto de Manises, que ha permitido a los viajeros revisarse la piel antes de exponerse <a class=\"mh-excerpt-more\" href=\"https:\/\/www.tucomarca.com\/wordpress\/segunda\/el-hospital-de-manises-realiza-revisiones-de-piel-a-los-pasajeros-del-aeropuerto\/\" title=\"El Hospital de Manises realiza revisiones de piel a los pasajeros del aeropuerto\">[+] <\/a><\/div>\n","protected":false},"author":2,"featured_media":15891,"comment_status":"open","ping_status":"open","sticky":false,"template":"","format":"standard","meta":{"footnotes":""},"categories":[119,8,10,3,45],"tags":[1271,378,404,1273,1272],"class_list":{"0":"post-15890","1":"post","2":"type-post","3":"status-publish","4":"format-standard","5":"has-post-thumbnail","7":"category-sanidad-la-comarca","8":"category-la-comarca","9":"category-la-hoya","10":"category-seccion","11":"category-ventana","12":"tag-aeropuerto","13":"tag-hospital","14":"tag-manises","15":"tag-piel","16":"tag-revisiones"},"_links":{"self":[{"href":"https:\/\/www.tucomarca.com\/wordpress\/segunda\/wp-json\/wp\/v2\/posts\/15890","targetHints":{"allow":["GET"]}}],"collection":[{"href":"https:\/\/www.tucomarca.com\/wordpress\/segunda\/wp-json\/wp\/v2\/posts"}],"about":[{"href":"https:\/\/www.tucomarca.com\/wordpress\/segunda\/wp-json\/wp\/v2\/types\/post"}],"author":[{"embeddable":true,"href":"https:\/\/www.tucomarca.com\/wordpress\/segunda\/wp-json\/wp\/v2\/users\/2"}],"replies":[{"embeddable":true,"href":"https:\/\/www.tucomarca.com\/wordpress\/segunda\/wp-json\/wp\/v2\/comments?post=15890"}],"version-history":[{"count":0,"href":"https:\/\/www.tucomarca.com\/wordpress\/segunda\/wp-json\/wp\/v2\/posts\/15890\/revisions"}],"wp:featuredmedia":[{"embeddable":true,"href":"https:\/\/www.tucomarca.com\/wordpress\/segunda\/wp-json\/wp\/v2\/media\/15891"}],"wp:attachment":[{"href":"https:\/\/www.tucomarca.com\/wordpress\/segunda\/wp-json\/wp\/v2\/media?parent=15890"}],"wp:term":[{"taxonomy":"category","embeddable":true,"href":"https:\/\/www.tucomarca.com\/wordpress\/segunda\/wp-json\/wp\/v2\/categories?post=15890"},{"taxonomy":"post_tag","embeddable":true,"href":"https:\/\/www.tucomarca.com\/wordpress\/segunda\/wp-json\/wp\/v2\/tags?post=15890"}],"curies":[{"name":"wp","href":"https:\/\/api.w.org\/{rel}","templated":true}]}}