{"id":158928,"date":"2022-06-09T18:00:00","date_gmt":"2022-06-09T16:00:00","guid":{"rendered":"http:\/\/www.tucomarca.com\/wordpress\/segunda\/?p=158928"},"modified":"2022-06-09T20:32:11","modified_gmt":"2022-06-09T18:32:11","slug":"el-ayuntamiento-de-turis-amplia-la-oferta-del-centro-infantil-de-0-a-3-anos","status":"publish","type":"post","link":"https:\/\/www.tucomarca.com\/wordpress\/segunda\/el-ayuntamiento-de-turis-amplia-la-oferta-del-centro-infantil-de-0-a-3-anos\/","title":{"rendered":"El Ayuntamiento de Tur\u00eds ampl\u00eda la oferta del centro infantil de 0 a 3 a\u00f1os"},"content":{"rendered":"\n<p>En la \u00faltima sesi\u00f3n plenaria celebrada en el ayuntamiento se ha aprobado por unanimidad de todos los grupos pol\u00edticos (PSOE-PP-Ciudadanos) la matr\u00edcula a ni\u00f1as y ni\u00f1os de 0 a 1 a\u00f1o en el centro municipal infantil La Trilladora. Esto supone una ampliaci\u00f3n de este servicio p\u00fablico que permitir\u00e1 completar el primer y segundo ciclo de infantil, entre 0 y 3 a\u00f1os, en el centro municipal.<\/p>\n\n\n\n<p>Seg\u00fan explica el alcalde, Eugenio Forta\u00f1a, \u201chasta ahora no hab\u00eda oferta p\u00fablica en este sentido y la hemos estimado necesaria, considerando que es un buen servicio para que se pueda conciliar la vida familiar y laboral de las familias usuarias\u201d.<\/p>\n","protected":false},"excerpt":{"rendered":"<div class=\"mh-excerpt\">En la \u00faltima sesi\u00f3n plenaria celebrada en el ayuntamiento se ha aprobado por unanimidad de todos los grupos pol\u00edticos (PSOE-PP-Ciudadanos) la matr\u00edcula a ni\u00f1as y ni\u00f1os de 0 a 1 a\u00f1o en el centro municipal <a class=\"mh-excerpt-more\" href=\"https:\/\/www.tucomarca.com\/wordpress\/segunda\/el-ayuntamiento-de-turis-amplia-la-oferta-del-centro-infantil-de-0-a-3-anos\/\" title=\"El Ayuntamiento de Tur\u00eds ampl\u00eda la oferta del centro infantil de 0 a 3 a\u00f1os\">[+] <\/a><\/div>\n","protected":false},"author":12,"featured_media":158935,"comment_status":"open","ping_status":"open","sticky":false,"template":"","format":"standard","meta":{"footnotes":""},"categories":[128,8,42,142,3,43],"tags":[17326,14075,1407,10394],"class_list":{"0":"post-158928","1":"post","2":"type-post","3":"status-publish","4":"format-standard","5":"has-post-thumbnail","7":"category-infraestructuras","8":"category-la-comarca","9":"category-la-ribera","10":"category-politica-la-comarca","11":"category-seccion","12":"category-turis","13":"tag-centro-municipal-infantil","14":"tag-escoleta-la-trilladora","15":"tag-ribera-alta","16":"tag-turis"},"_links":{"self":[{"href":"https:\/\/www.tucomarca.com\/wordpress\/segunda\/wp-json\/wp\/v2\/posts\/158928","targetHints":{"allow":["GET"]}}],"collection":[{"href":"https:\/\/www.tucomarca.com\/wordpress\/segunda\/wp-json\/wp\/v2\/posts"}],"about":[{"href":"https:\/\/www.tucomarca.com\/wordpress\/segunda\/wp-json\/wp\/v2\/types\/post"}],"author":[{"embeddable":true,"href":"https:\/\/www.tucomarca.com\/wordpress\/segunda\/wp-json\/wp\/v2\/users\/12"}],"replies":[{"embeddable":true,"href":"https:\/\/www.tucomarca.com\/wordpress\/segunda\/wp-json\/wp\/v2\/comments?post=158928"}],"version-history":[{"count":0,"href":"https:\/\/www.tucomarca.com\/wordpress\/segunda\/wp-json\/wp\/v2\/posts\/158928\/revisions"}],"wp:featuredmedia":[{"embeddable":true,"href":"https:\/\/www.tucomarca.com\/wordpress\/segunda\/wp-json\/wp\/v2\/media\/158935"}],"wp:attachment":[{"href":"https:\/\/www.tucomarca.com\/wordpress\/segunda\/wp-json\/wp\/v2\/media?parent=158928"}],"wp:term":[{"taxonomy":"category","embeddable":true,"href":"https:\/\/www.tucomarca.com\/wordpress\/segunda\/wp-json\/wp\/v2\/categories?post=158928"},{"taxonomy":"post_tag","embeddable":true,"href":"https:\/\/www.tucomarca.com\/wordpress\/segunda\/wp-json\/wp\/v2\/tags?post=158928"}],"curies":[{"name":"wp","href":"https:\/\/api.w.org\/{rel}","templated":true}]}}