{"id":158972,"date":"2022-06-10T08:00:00","date_gmt":"2022-06-10T06:00:00","guid":{"rendered":"http:\/\/www.tucomarca.com\/wordpress\/segunda\/?p=158972"},"modified":"2022-06-10T18:50:45","modified_gmt":"2022-06-10T16:50:45","slug":"un-horario-al-acostarse-y-levantarse-y-evitar-pantallas-por-la-noche-claves-para-prevenir-el-insomnio","status":"publish","type":"post","link":"https:\/\/www.tucomarca.com\/wordpress\/segunda\/un-horario-al-acostarse-y-levantarse-y-evitar-pantallas-por-la-noche-claves-para-prevenir-el-insomnio\/","title":{"rendered":"Un horario al acostarse y levantarse y evitar pantallas por la noche, claves para prevenir el insomnio"},"content":{"rendered":"\n<h4 class=\"wp-block-heading\">Los especialistas del Hospital de Manises advierten que el insomnio puede ser causado tanto por causas psicofisiol\u00f3gicas como por enfermedades m\u00e9dicas&nbsp;<\/h4>\n\n\n\n<h4 class=\"wp-block-heading\">La somnolencia diurna, la dificultad de concentraci\u00f3n y las emociones de irritabilidad pueden ser signos de alerta para detectar un mal descanso nocturno<\/h4>\n\n\n\n<h4 class=\"wp-block-heading\">Los profesionales destacan que es importante una adecuada higiene del sue\u00f1o para evitar episodios de insomnio recurrente ya que producen una disminuci\u00f3n de la calidad de vida del paciente<\/h4>\n\n\n\n<p>Cuidar las horas de sue\u00f1o y el descanso es un elemento clave para cumplir con los h\u00e1bitos saludables que garanticen una alta calidad de vida. Sin embargo, el insomnio es un problema que afecta a gran parte de nuestra poblaci\u00f3n. Desde la Sociedad Espa\u00f1ola de Sue\u00f1o (SES) informan que un 20% de los espa\u00f1oles presentan al menos un s\u00edntoma de insomnio. Ante esta situaci\u00f3n, los profesionales del Servicio de Neurociencias del Hospital de Manises ofrecen claves para prevenir, detectar y tratar los episodios de insomnio y la mala calidad del sue\u00f1o.&nbsp;<\/p>\n\n\n\n<p>Y es que el insomnio, tal y como nos recomiendan desde la Unidad de Neurofisiolog\u00eda del centro sanitario manisero, se puede evitar que llegue a ser un problema importante fomentando en los pacientes medidas de higiene del sue\u00f1o. Los h\u00e1bitos saludables son imprescindibles para evitar tener problem\u00e1ticas relacionadas con el sue\u00f1o. Los m\u00e1s destacados son acostarse y levantarse a la misma hora la mayor\u00eda de los d\u00edas; evitar cenas copiosas que provoquen digestiones lentas y pesadas; y no utilizar las pantallas un par de horas antes de irse a dormir, explican los expertos.<\/p>\n\n\n\n<p>Adem\u00e1s, hay peque\u00f1as costumbres que pueden ayudar a mejorar la calidad del sue\u00f1o como son evitar las siestas largas de m\u00e1s de 20 minutos, realizar rutinas antes de acostarse como cepillarse los dientes, ducharse, ingerir bebidas calientes o evitar tomar alcohol dos o tres horas antes de dormir. Estos detalles que parecen peque\u00f1os e insignificantes pueden ser decisivos para tener un sue\u00f1o reparador, afirman los neurofisi\u00f3logos de Manises.<\/p>\n\n\n\n<p>Entre las principales causas que provocan estos episodios de insomnio en la poblaci\u00f3n adulta, los expertos en medicina del sue\u00f1o advierten de que hay causas evitables y causas patol\u00f3gicas. Enfermedades debidas a problemas m\u00e9dicos del tipo card\u00edaco, neurol\u00f3gico, urol\u00f3gico o psiqui\u00e1trico suelen traer consigo consecuencias negativas en el descanso de los pacientes. Adem\u00e1s, hay elementos como el sexo, la edad, factores familiares o gen\u00e9ticos que no pueden ser modificables en el paciente, afirman los doctores. Sin embargo, hay muchas causas que pueden ser intervenidas y tratadas como son los h\u00e1bitos de sue\u00f1o, el estilo de vida, el estr\u00e9s o los horarios de trabajo.<\/p>\n\n\n\n<p><strong>S\u00edntomas de alerta<\/strong><\/p>\n\n\n\n<p>La principal consecuencia que el insomnio trae sobre los pacientes que la padecen es, a parte de las complicaciones m\u00e9dicas derivadas de la falta de descanso, la falta de la calidad de vida ya que entorpece y limita la pr\u00e1ctica habitual de las actividades diarias. Por ello, los profesionales del Servicio de Neurociencias del Hospital de Manises recuerdan los principales s\u00edntomas que pueden alertar a los pacientes de episodios de falta de sue\u00f1o. Esencialmente, podemos detectar que el descanso no ha sido reparador cuando experimentamos somnolencia diurna y cansancio. Adem\u00e1s, se experimenta dificultad de concentraci\u00f3n, disminuci\u00f3n del tiempo de reacci\u00f3n, disminuci\u00f3n del aprendizaje, alteraciones del comportamiento y de las emociones como irritabilidad y tendencia a la depresi\u00f3n\u201d, relatan los expertos del sue\u00f1o.&nbsp;<\/p>\n\n\n\n<p>Y es que, ante los s\u00edntomas por un insomnio continuado, es importante acudir al especialista. Porque el insomnio tambi\u00e9n se puede y se debe tratar para mejorar as\u00ed la calidad de vida y acabar con los s\u00edntomas y consecuencias que acarrea este problema. Tal y como concluyen los doctores, la mejor\u00eda de la calidad de vida que se produce tras tratar los problemas de sue\u00f1o justifica por s\u00ed s\u00f3lo el tratamiento. El facultativo ser\u00e1 quien decidir\u00e1 como tratarlo y si el tratamiento debe ser farmacol\u00f3gico. La curaci\u00f3n o control del insomnio va a depender decisivamente de la causa que lo produzca y el tipo.<\/p>\n","protected":false},"excerpt":{"rendered":"<div class=\"mh-excerpt\">Los especialistas del Hospital de Manises advierten que el insomnio puede ser causado tanto por causas psicofisiol\u00f3gicas como por enfermedades m\u00e9dicas&nbsp; La somnolencia diurna, la dificultad de concentraci\u00f3n y las emociones de irritabilidad pueden ser <a class=\"mh-excerpt-more\" href=\"https:\/\/www.tucomarca.com\/wordpress\/segunda\/un-horario-al-acostarse-y-levantarse-y-evitar-pantallas-por-la-noche-claves-para-prevenir-el-insomnio\/\" title=\"Un horario al acostarse y levantarse y evitar pantallas por la noche, claves para prevenir el insomnio\">[+] <\/a><\/div>\n","protected":false},"author":12,"featured_media":158973,"comment_status":"open","ping_status":"open","sticky":false,"template":"","format":"standard","meta":{"footnotes":""},"categories":[19,18,46,119,17,16,14,128,8,10,42,178,13,182,3,43,45,11],"tags":[11478,136],"class_list":{"0":"post-158972","1":"post","2":"type-post","3":"status-publish","4":"format-standard","5":"has-post-thumbnail","7":"category-alborache","8":"category-bunol","9":"category-camp-de-turia","10":"category-sanidad-la-comarca","11":"category-cheste","12":"category-chiva","13":"category-godelleta","14":"category-infraestructuras","15":"category-la-comarca","16":"category-la-hoya","17":"category-la-ribera","18":"category-loriguilla","19":"category-macastre","20":"category-riba-roja","21":"category-seccion","22":"category-turis","23":"category-ventana","24":"category-yatova","25":"tag-departamento-de-salud-de-manises","26":"tag-hospital-de-manises"},"_links":{"self":[{"href":"https:\/\/www.tucomarca.com\/wordpress\/segunda\/wp-json\/wp\/v2\/posts\/158972","targetHints":{"allow":["GET"]}}],"collection":[{"href":"https:\/\/www.tucomarca.com\/wordpress\/segunda\/wp-json\/wp\/v2\/posts"}],"about":[{"href":"https:\/\/www.tucomarca.com\/wordpress\/segunda\/wp-json\/wp\/v2\/types\/post"}],"author":[{"embeddable":true,"href":"https:\/\/www.tucomarca.com\/wordpress\/segunda\/wp-json\/wp\/v2\/users\/12"}],"replies":[{"embeddable":true,"href":"https:\/\/www.tucomarca.com\/wordpress\/segunda\/wp-json\/wp\/v2\/comments?post=158972"}],"version-history":[{"count":0,"href":"https:\/\/www.tucomarca.com\/wordpress\/segunda\/wp-json\/wp\/v2\/posts\/158972\/revisions"}],"wp:featuredmedia":[{"embeddable":true,"href":"https:\/\/www.tucomarca.com\/wordpress\/segunda\/wp-json\/wp\/v2\/media\/158973"}],"wp:attachment":[{"href":"https:\/\/www.tucomarca.com\/wordpress\/segunda\/wp-json\/wp\/v2\/media?parent=158972"}],"wp:term":[{"taxonomy":"category","embeddable":true,"href":"https:\/\/www.tucomarca.com\/wordpress\/segunda\/wp-json\/wp\/v2\/categories?post=158972"},{"taxonomy":"post_tag","embeddable":true,"href":"https:\/\/www.tucomarca.com\/wordpress\/segunda\/wp-json\/wp\/v2\/tags?post=158972"}],"curies":[{"name":"wp","href":"https:\/\/api.w.org\/{rel}","templated":true}]}}