{"id":1590,"date":"2012-05-15T11:33:13","date_gmt":"2012-05-15T10:33:13","guid":{"rendered":"http:\/\/www.tucomarca.com\/wordpress\/segunda\/?p=1590"},"modified":"2012-05-15T11:37:14","modified_gmt":"2012-05-15T10:37:14","slug":"%c2%abla-armonica%c2%bb-de-bunol-justifica-el-hacer-publicos-los-insultos-de-jose-luis-carrascosa-ia-para-%c2%abdefender-el-honor-de-la-sociedad%c2%bb","status":"publish","type":"post","link":"https:\/\/www.tucomarca.com\/wordpress\/segunda\/%c2%abla-armonica%c2%bb-de-bunol-justifica-el-hacer-publicos-los-insultos-de-jose-luis-carrascosa-ia-para-%c2%abdefender-el-honor-de-la-sociedad%c2%bb\/","title":{"rendered":"\u00abLa Arm\u00f3nica\u00bb de Bu\u00f1ol justifica el hacer p\u00fablicos los insultos de Jos\u00e9 Luis Carrascosa (IA) para \u00abdefender el honor de la sociedad\u00bb"},"content":{"rendered":"<figure id=\"attachment_1698\" aria-describedby=\"caption-attachment-1698\" style=\"width: 300px\" class=\"wp-caption alignleft\"><a href=\"https:\/\/www.tucomarca.com\/wordpress\/segunda\/wp-content\/uploads\/2012\/05\/corachanface.jpg\"><img loading=\"lazy\" decoding=\"async\" class=\"size-medium wp-image-1698 \" title=\"corachanface\" src=\"https:\/\/www.tucomarca.com\/wordpress\/segunda\/wp-content\/uploads\/2012\/05\/corachanface-300x290.jpg\" alt=\"El presidente de \u00abLaArm\u00f3nicca\u00bb, Jos\u00e9 Corach\u00e1n.\" width=\"300\" height=\"290\" srcset=\"https:\/\/www.tucomarca.com\/wordpress\/segunda\/wp-content\/uploads\/2012\/05\/corachanface-300x290.jpg 300w, https:\/\/www.tucomarca.com\/wordpress\/segunda\/wp-content\/uploads\/2012\/05\/corachanface.jpg 729w\" sizes=\"auto, (max-width: 300px) 100vw, 300px\" \/><\/a><figcaption id=\"caption-attachment-1698\" class=\"wp-caption-text\">El presidente de \u00abLa Arm\u00f3nica\u00bb, Jos\u00e9 Corach\u00e1n.<\/figcaption><\/figure>\n<p>Como ya avanz\u00f3 d\u00edas atr\u00e1s en su edici\u00f3n impresa <strong>tucomarca.com<\/strong> (n\u00ba 448) para La Hoya de Bu\u00f1ol-Chiva y comarcas lim\u00edtrofes, todos y cada uno de los miembros de la Junta Directiva del Centro Instructivo Musical \u00abLa Arm\u00f3nica\u00bb de Bu\u00f1ol han decidido hacer p\u00fablica la carta que la sociedad envi\u00f3 al actual equipo gestor y en la que se muestra el malestar por las descalificaciones vertidas por el concejal Jos\u00e9 Luis Carrascosa (IA)\u2008contra la sociedad a la que representan.<\/p>\n<p>\u00abEl objetivo de esta publicaci\u00f3n es el de explicar al pueblo todo lo ocurrido en la puerta de \u2018El Litro\u2019 semanas atr\u00e1s para que los vecinos saquen sus propias conclusiones. No debemos olvidar que todo este asunto no lo origina \u2018La Arm\u00f3nica\u2019. Todo se origin\u00f3 cuando el citado edil atac\u00f3 de forma injustificada a esta institucci\u00f3n en los momentos previos a un acto p\u00fablico que se ten\u00eda previsto desarrollar en nuestra sede d\u00edas atr\u00e1s. La frase que provoca toda esta situaci\u00f3n es: \u2018Ya es hora que abras la puerta de mierda del Palacio de la M\u00fasica\u2019, como le dijo el concejal Jos\u00e9 Luis Carrascosa al representante de la sociedad\u00bb, como ha recordado el presidente, Jos\u00e9 Corach\u00e1n.<\/p>\n<p>El m\u00e1ximo responsable de \u00abEl Litro\u00bb, que cuenta con el apoyo un\u00e1nime de los integrantes de la sociedad, ha asegurado a este semanario que el \u00fanico objetivo que se persigue con todas estas acciones \u00abes defender\u00a0 la sociedad ante este tipo de ataques\u00bb. En este punto, ha confesado que tiempo atr\u00e1s ya se produjo un incidente igual o m\u00e1s grave que el actual. \u00abEl concejal lleg\u00f3 a decir\u00a0 sin ning\u00fan tipo de pudor a Francisco Carri\u00f3n Agustina que llevar el s\u00edmbolo de \u2018El Litro\u2019 era peor que ser Nazi. Todo esto sucedi\u00f3 cuando Jos\u00e9 Luis Carrascosa vio al citado litrero en su bar en Valencia con el s\u00edmbolo que nos identifica como sociedad. Ante este tipo de lindezas, tanto el presidente como la Junta directiva no puede quedarse de brazos cruzados\u00bb.<\/p>\n<p>Adem\u00e1s, en referencia a las insinuaciones vertidas desde el gobierno municipal (EU, PSOE e IA) de que desde la sociedad se estaba tratando de hacer pol\u00edtica, Jos\u00e9 Corach\u00e1n ha insitido en que lo \u00fanico que se persigue es \u00abdefender los intereses y la honorabilidad de una sociedad centenaria que cuenta con un gran respaldo social. Porque atentar contra \u2018La Arm\u00f3nica\u2019 es hacerlo contra quienes forman parte de ella. Quienes piensen que el objetivo es otro es cosa suya. Eso ya no es problema nuestro\u00bb.<\/p>\n<p>Abundando en el asunto, desde la presidencia de la instituci\u00f3n se ha considera m\u00e1s que demostrado que el origen de este enfrentamiento no parte de \u00abEl litro\u00bb ni del directivo en cuesti\u00f3n, \u00abpues fue el edil quien falt\u00f3 al respeto a nuestra sociedad\u00bb. \u00abSi se nos pide que nos respetemos mutuamente, les pido que sean ustedes mismos quienes comiencen a dar ejemplo\u00bb, ha espetado el presidente a quienes tienen la responabilidad de guiar el consistorio bu\u00f1olense.<\/p>\n","protected":false},"excerpt":{"rendered":"<div class=\"mh-excerpt\">Como ya avanz\u00f3 d\u00edas atr\u00e1s en su edici\u00f3n impresa tucomarca.com (n\u00ba 448) para La Hoya de Bu\u00f1ol-Chiva y comarcas lim\u00edtrofes, todos y cada uno de los miembros de la Junta Directiva del Centro Instructivo Musical <a class=\"mh-excerpt-more\" href=\"https:\/\/www.tucomarca.com\/wordpress\/segunda\/%c2%abla-armonica%c2%bb-de-bunol-justifica-el-hacer-publicos-los-insultos-de-jose-luis-carrascosa-ia-para-%c2%abdefender-el-honor-de-la-sociedad%c2%bb\/\" title=\"\u00abLa Arm\u00f3nica\u00bb de Bu\u00f1ol justifica el hacer p\u00fablicos los insultos de Jos\u00e9 Luis Carrascosa (IA) para \u00abdefender el honor de la sociedad\u00bb\">[+] <\/a><\/div>\n","protected":false},"author":1,"featured_media":1698,"comment_status":"open","ping_status":"open","sticky":false,"template":"","format":"standard","meta":{"footnotes":""},"categories":[18,8,10,3],"tags":[],"class_list":{"0":"post-1590","1":"post","2":"type-post","3":"status-publish","4":"format-standard","5":"has-post-thumbnail","7":"category-bunol","8":"category-la-comarca","9":"category-la-hoya","10":"category-seccion"},"_links":{"self":[{"href":"https:\/\/www.tucomarca.com\/wordpress\/segunda\/wp-json\/wp\/v2\/posts\/1590","targetHints":{"allow":["GET"]}}],"collection":[{"href":"https:\/\/www.tucomarca.com\/wordpress\/segunda\/wp-json\/wp\/v2\/posts"}],"about":[{"href":"https:\/\/www.tucomarca.com\/wordpress\/segunda\/wp-json\/wp\/v2\/types\/post"}],"author":[{"embeddable":true,"href":"https:\/\/www.tucomarca.com\/wordpress\/segunda\/wp-json\/wp\/v2\/users\/1"}],"replies":[{"embeddable":true,"href":"https:\/\/www.tucomarca.com\/wordpress\/segunda\/wp-json\/wp\/v2\/comments?post=1590"}],"version-history":[{"count":0,"href":"https:\/\/www.tucomarca.com\/wordpress\/segunda\/wp-json\/wp\/v2\/posts\/1590\/revisions"}],"wp:featuredmedia":[{"embeddable":true,"href":"https:\/\/www.tucomarca.com\/wordpress\/segunda\/wp-json\/wp\/v2\/media\/1698"}],"wp:attachment":[{"href":"https:\/\/www.tucomarca.com\/wordpress\/segunda\/wp-json\/wp\/v2\/media?parent=1590"}],"wp:term":[{"taxonomy":"category","embeddable":true,"href":"https:\/\/www.tucomarca.com\/wordpress\/segunda\/wp-json\/wp\/v2\/categories?post=1590"},{"taxonomy":"post_tag","embeddable":true,"href":"https:\/\/www.tucomarca.com\/wordpress\/segunda\/wp-json\/wp\/v2\/tags?post=1590"}],"curies":[{"name":"wp","href":"https:\/\/api.w.org\/{rel}","templated":true}]}}