{"id":15932,"date":"2013-06-28T15:12:05","date_gmt":"2013-06-28T12:12:05","guid":{"rendered":"http:\/\/www.tucomarca.com\/wordpress\/segunda\/?p=15932"},"modified":"2013-06-28T15:12:05","modified_gmt":"2013-06-28T12:12:05","slug":"constituidas-la-bolsa-de-trabajo-de-vigilante-en-requena","status":"publish","type":"post","link":"https:\/\/www.tucomarca.com\/wordpress\/segunda\/constituidas-la-bolsa-de-trabajo-de-vigilante-en-requena\/","title":{"rendered":"Constituidas la bolsa de trabajo de vigilante en Requena"},"content":{"rendered":"<p>Este viernes han sido publicados los listados de la bolsa de trabajo para el Ayuntamiento de Requena de vigilante.<br \/>\nTras baremarse los m\u00e9ritos acreditados y realizarse las entrevistas personales de todos los aspirantes, se han constituido las correspondientes bolsas de trabajo que han de servir como base para la contrataci\u00f3n en periodos en los que sea necesario.<br \/>\nLa resoluci\u00f3n, con el orden resultante ha sido publicada, tanto en el tabl\u00f3n de anuncios del Ayuntamiento de Requena, como en el apartado web de la p\u00e1gina municipal: http:\/\/requena.es\/content\/bolsas-de-trabajo.<br \/>\nDe cara a la inminente apertura de la Piscina Municipal de Requena se plantear\u00e1 la contrataci\u00f3n de 2 peones a jornada parcial para la vigilancia del recinto de la piscina.<\/p>\n","protected":false},"excerpt":{"rendered":"<div class=\"mh-excerpt\">Este viernes han sido publicados los listados de la bolsa de trabajo para el Ayuntamiento de Requena de vigilante. Tras baremarse los m\u00e9ritos acreditados y realizarse las entrevistas personales de todos los aspirantes, se han <a class=\"mh-excerpt-more\" href=\"https:\/\/www.tucomarca.com\/wordpress\/segunda\/constituidas-la-bolsa-de-trabajo-de-vigilante-en-requena\/\" title=\"Constituidas la bolsa de trabajo de vigilante en Requena\">[+] <\/a><\/div>\n","protected":false},"author":2,"featured_media":0,"comment_status":"open","ping_status":"open","sticky":false,"template":"","format":"standard","meta":{"footnotes":""},"categories":[8,28,27,3],"tags":[1288,10388,1097],"class_list":{"0":"post-15932","1":"post","2":"type-post","3":"status-publish","4":"format-standard","6":"category-la-comarca","7":"category-requena","8":"category-requena-utiel","9":"category-seccion","10":"tag-bolsa-de-trabajo","11":"tag-requena","12":"tag-vigilantes"},"_links":{"self":[{"href":"https:\/\/www.tucomarca.com\/wordpress\/segunda\/wp-json\/wp\/v2\/posts\/15932","targetHints":{"allow":["GET"]}}],"collection":[{"href":"https:\/\/www.tucomarca.com\/wordpress\/segunda\/wp-json\/wp\/v2\/posts"}],"about":[{"href":"https:\/\/www.tucomarca.com\/wordpress\/segunda\/wp-json\/wp\/v2\/types\/post"}],"author":[{"embeddable":true,"href":"https:\/\/www.tucomarca.com\/wordpress\/segunda\/wp-json\/wp\/v2\/users\/2"}],"replies":[{"embeddable":true,"href":"https:\/\/www.tucomarca.com\/wordpress\/segunda\/wp-json\/wp\/v2\/comments?post=15932"}],"version-history":[{"count":0,"href":"https:\/\/www.tucomarca.com\/wordpress\/segunda\/wp-json\/wp\/v2\/posts\/15932\/revisions"}],"wp:attachment":[{"href":"https:\/\/www.tucomarca.com\/wordpress\/segunda\/wp-json\/wp\/v2\/media?parent=15932"}],"wp:term":[{"taxonomy":"category","embeddable":true,"href":"https:\/\/www.tucomarca.com\/wordpress\/segunda\/wp-json\/wp\/v2\/categories?post=15932"},{"taxonomy":"post_tag","embeddable":true,"href":"https:\/\/www.tucomarca.com\/wordpress\/segunda\/wp-json\/wp\/v2\/tags?post=15932"}],"curies":[{"name":"wp","href":"https:\/\/api.w.org\/{rel}","templated":true}]}}