{"id":15941,"date":"2013-06-28T15:28:45","date_gmt":"2013-06-28T12:28:45","guid":{"rendered":"http:\/\/www.tucomarca.com\/wordpress\/segunda\/?p=15941"},"modified":"2013-06-28T15:28:52","modified_gmt":"2013-06-28T12:28:52","slug":"los-participantes-en-el-programa-%c2%abanem-a-caminar%c2%bb-protagonizan-un-almuerzo-saludable","status":"publish","type":"post","link":"https:\/\/www.tucomarca.com\/wordpress\/segunda\/los-participantes-en-el-programa-%c2%abanem-a-caminar%c2%bb-protagonizan-un-almuerzo-saludable\/","title":{"rendered":"Los participantes en el programa \u00abAnem a Caminar\u00bb protagonizan un Almuerzo saludable"},"content":{"rendered":"<p><figure id=\"attachment_15942\" aria-describedby=\"caption-attachment-15942\" style=\"width: 300px\" class=\"wp-caption alignleft\"><a href=\"https:\/\/www.tucomarca.com\/wordpress\/segunda\/?attachment_id=15942\" rel=\"attachment wp-att-15942\"><img loading=\"lazy\" decoding=\"async\" src=\"https:\/\/www.tucomarca.com\/wordpress\/segunda\/wp-content\/uploads\/2013\/06\/Cheste2-300x198.jpg\" alt=\"\" title=\"Cheste\" width=\"300\" height=\"198\" class=\"size-medium wp-image-15942\" srcset=\"https:\/\/www.tucomarca.com\/wordpress\/segunda\/wp-content\/uploads\/2013\/06\/Cheste2-300x198.jpg 300w, https:\/\/www.tucomarca.com\/wordpress\/segunda\/wp-content\/uploads\/2013\/06\/Cheste2-1024x679.jpg 1024w\" sizes=\"auto, (max-width: 300px) 100vw, 300px\" \/><\/a><figcaption id=\"caption-attachment-15942\" class=\"wp-caption-text\">Participantes en la jornada de este viernes. tc.c<\/figcaption><\/figure>El programa \u00abAnem a Caminar\u00bb que se puso en marcha en Cheste el pasado mes de Abril tiene por objeto ayudar a prevenir las enfermedades cardiovasculares mediante la pr\u00e1ctica del ejercicio moderado continuado y un seguimiento m\u00e9dico.<\/p>\n<p>Este viernes, tras varios meses de andadura y ante la llegada del verano, la cita ha culminado con un Almuerzo saludable en el Parque de la Lomiquia  organizado por el Ayuntamiento y que ha permitido la cohesi\u00f3n de los distintos grupos, de miembros del Centro del Salud, del Hospital de Manises y del Ayuntamiento de Cheste.<\/p>\n<p>Como han dado a conocer esta ma\u00f1ana los m\u00e9dicos, enfermeros y especialistas que les han ido acompa\u00f1ando en sus recorridos \u00ablos resultados que se han obtenido han sido excelentes, muy por encima de lo que esper\u00e1bamos, lo que nos anima a continuar con este tipo de iniciativas que repercuten directamente en la mejora de la salud de los chestanos simplemente con la pr\u00e1ctica de h\u00e1bitos saludables y la constancia de los participantes\u00bb.<\/p>\n<p>La gran mayor\u00eda de las\/los participantes han logrado bajar de peso, han reducido su tensi\u00f3n arterial y logrado una notable mejora en el estado de \u00e1nimo, especialmente de las personas que sufr\u00edan stress y ansiedad, ha explicado el Alcalde de Cheste, David Dom\u00e9nech, muy satisfecho de este programa y sobretodo \u00abdel buen trabajo y contribuci\u00f3n de los m\u00e9dicos, enfermeros y especialistas del Centro de Salud que nos atienden\u00bb.<\/p>\n<p>Estos datos se han obtenido del control m\u00e9dico que han recibido todos los participantes, donde han podido valorar y comprobar la evoluci\u00f3n positiva en sus distintas dolencias.<\/p>\n<p>Con actividades como \u00e9sta, el Ayuntamiento de Cheste en colaboraci\u00f3n con el Centro de Salud dependiente del Hospital de Manises pretende concienciar a todos los chestanos sobre la importancia de llevar h\u00e1bitos saludables para mejorar su salud consiguiendo a su vez una menor dependencia de los medicamentos y una mejor\u00eda en el estado de \u00e1nimo de los pacientes.<\/p>\n<p>Numerosos vecinos se apuntaron a esta iniciativa cuya participaci\u00f3n ya la hac\u00eda exitosa desde su inicio y que propici\u00f3 la creaci\u00f3n de varios grupos tanto de ma\u00f1anas como de tardes.<\/p>\n","protected":false},"excerpt":{"rendered":"<div class=\"mh-excerpt\">El programa \u00abAnem a Caminar\u00bb que se puso en marcha en Cheste el pasado mes de Abril tiene por objeto ayudar a prevenir las enfermedades cardiovasculares mediante la pr\u00e1ctica del ejercicio moderado continuado y un <a class=\"mh-excerpt-more\" href=\"https:\/\/www.tucomarca.com\/wordpress\/segunda\/los-participantes-en-el-programa-%c2%abanem-a-caminar%c2%bb-protagonizan-un-almuerzo-saludable\/\" title=\"Los participantes en el programa \u00abAnem a Caminar\u00bb protagonizan un Almuerzo saludable\">[+] <\/a><\/div>\n","protected":false},"author":2,"featured_media":15942,"comment_status":"open","ping_status":"open","sticky":false,"template":"","format":"standard","meta":{"footnotes":""},"categories":[119,17,8,10,3,45],"tags":[1293,1292,339],"class_list":{"0":"post-15941","1":"post","2":"type-post","3":"status-publish","4":"format-standard","5":"has-post-thumbnail","7":"category-sanidad-la-comarca","8":"category-cheste","9":"category-la-comarca","10":"category-la-hoya","11":"category-seccion","12":"category-ventana","13":"tag-almuerzo-saludable","14":"tag-anem-a-caminar","15":"tag-cheste-2"},"_links":{"self":[{"href":"https:\/\/www.tucomarca.com\/wordpress\/segunda\/wp-json\/wp\/v2\/posts\/15941","targetHints":{"allow":["GET"]}}],"collection":[{"href":"https:\/\/www.tucomarca.com\/wordpress\/segunda\/wp-json\/wp\/v2\/posts"}],"about":[{"href":"https:\/\/www.tucomarca.com\/wordpress\/segunda\/wp-json\/wp\/v2\/types\/post"}],"author":[{"embeddable":true,"href":"https:\/\/www.tucomarca.com\/wordpress\/segunda\/wp-json\/wp\/v2\/users\/2"}],"replies":[{"embeddable":true,"href":"https:\/\/www.tucomarca.com\/wordpress\/segunda\/wp-json\/wp\/v2\/comments?post=15941"}],"version-history":[{"count":0,"href":"https:\/\/www.tucomarca.com\/wordpress\/segunda\/wp-json\/wp\/v2\/posts\/15941\/revisions"}],"wp:featuredmedia":[{"embeddable":true,"href":"https:\/\/www.tucomarca.com\/wordpress\/segunda\/wp-json\/wp\/v2\/media\/15942"}],"wp:attachment":[{"href":"https:\/\/www.tucomarca.com\/wordpress\/segunda\/wp-json\/wp\/v2\/media?parent=15941"}],"wp:term":[{"taxonomy":"category","embeddable":true,"href":"https:\/\/www.tucomarca.com\/wordpress\/segunda\/wp-json\/wp\/v2\/categories?post=15941"},{"taxonomy":"post_tag","embeddable":true,"href":"https:\/\/www.tucomarca.com\/wordpress\/segunda\/wp-json\/wp\/v2\/tags?post=15941"}],"curies":[{"name":"wp","href":"https:\/\/api.w.org\/{rel}","templated":true}]}}