{"id":159416,"date":"2022-06-14T22:00:00","date_gmt":"2022-06-14T20:00:00","guid":{"rendered":"http:\/\/www.tucomarca.com\/wordpress\/segunda\/?p=159416"},"modified":"2022-06-15T10:07:00","modified_gmt":"2022-06-15T08:07:00","slug":"sanidad-notifica-6-fallecimientos-y-3-144-nuevos-casos-de-coronavirus-en-la-comunitat-valenciana-1-522-de-ellos-en-mayores-de-60-anos","status":"publish","type":"post","link":"https:\/\/www.tucomarca.com\/wordpress\/segunda\/sanidad-notifica-6-fallecimientos-y-3-144-nuevos-casos-de-coronavirus-en-la-comunitat-valenciana-1-522-de-ellos-en-mayores-de-60-anos\/","title":{"rendered":"Sanidad notifica 6 fallecimientos y 3.144 nuevos casos de coronavirus en la Comunitat Valenciana, 1.522 de ellos en mayores de 60 a\u00f1os"},"content":{"rendered":"\n<h4 class=\"wp-block-heading\">Los hospitales valencianos tienen 576 personas ingresadas con COVID-19, 33 de ellas en la UCI<\/h4>\n\n\n\n<p>La Conselleria de Sanidad Universal y Salud P\u00fablica ha notificado un total de 3.144 nuevos casos de coronavirus confirmados por prueba PCR o a trav\u00e9s de test de ant\u00edgenos desde la \u00faltima actualizaci\u00f3n. Los nuevos casos por provincias son 345 en Castell\u00f3n (178.003 en total), 1.180 en Alicante (498.011 en total) y 1.619 en Valencia (775.662 en total).<\/p>\n\n\n\n<p>De ellos, 1.522 son de personas mayores de 60 a\u00f1os. Por provincias: 193 se registran en la de Castell\u00f3n, 579 en la de Alicante y 750 en la de Valencia.<\/p>\n\n\n\n<p>Los hospitales valencianos tienen actualmente 576 personas ingresadas con COVID-19, 33 de ellas en la UCI: 105 en la provincia de Castell\u00f3n, 2 en UCI; 195 en la provincia de Alicante, 20 de ellas en la UCI; y 276 en la provincia de Valencia, 11 en UCI.&nbsp;<\/p>\n\n\n\n<p>Se han notificado 6 fallecimientos por coronavirus desde la \u00faltima actualizaci\u00f3n, todos con fecha de defunci\u00f3n en los \u00faltimos siete d\u00edas. Se trata de 2 mujeres, de 86 y 93 a\u00f1os, y 4 hombres, de entre 78 y 85 a\u00f1os. El total de decesos desde el inicio de la pandemia asciende a 9.470: 1.110 se han producido en la provincia de Castell\u00f3n, 3.599 en la de Alicante y 4.761 en la de Valencia.<\/p>\n","protected":false},"excerpt":{"rendered":"<div class=\"mh-excerpt\">Los hospitales valencianos tienen 576 personas ingresadas con COVID-19, 33 de ellas en la UCI La Conselleria de Sanidad Universal y Salud P\u00fablica ha notificado un total de 3.144 nuevos casos de coronavirus confirmados por <a class=\"mh-excerpt-more\" href=\"https:\/\/www.tucomarca.com\/wordpress\/segunda\/sanidad-notifica-6-fallecimientos-y-3-144-nuevos-casos-de-coronavirus-en-la-comunitat-valenciana-1-522-de-ellos-en-mayores-de-60-anos\/\" title=\"Sanidad notifica 6 fallecimientos y 3.144 nuevos casos de coronavirus en la Comunitat Valenciana, 1.522 de ellos en mayores de 60 a\u00f1os\">[+] <\/a><\/div>\n","protected":false},"author":12,"featured_media":144786,"comment_status":"open","ping_status":"open","sticky":false,"template":"","format":"standard","meta":{"footnotes":""},"categories":[119,12201,128,8,72,117,142,3,116,45],"tags":[11937,11938,2142,2105],"class_list":{"0":"post-159416","1":"post","2":"type-post","3":"status-publish","4":"format-standard","5":"has-post-thumbnail","7":"category-sanidad-la-comarca","8":"category-covid-19","9":"category-infraestructuras","10":"category-la-comarca","11":"category-sin-categorizar","12":"category-medio-ambiente-la-comarca","13":"category-politica-la-comarca","14":"category-seccion","15":"category-sucesos-la-comarca","16":"category-ventana","17":"tag-coronavirus","18":"tag-covid-19","19":"tag-la-comunitat","20":"tag-vacunas"},"_links":{"self":[{"href":"https:\/\/www.tucomarca.com\/wordpress\/segunda\/wp-json\/wp\/v2\/posts\/159416","targetHints":{"allow":["GET"]}}],"collection":[{"href":"https:\/\/www.tucomarca.com\/wordpress\/segunda\/wp-json\/wp\/v2\/posts"}],"about":[{"href":"https:\/\/www.tucomarca.com\/wordpress\/segunda\/wp-json\/wp\/v2\/types\/post"}],"author":[{"embeddable":true,"href":"https:\/\/www.tucomarca.com\/wordpress\/segunda\/wp-json\/wp\/v2\/users\/12"}],"replies":[{"embeddable":true,"href":"https:\/\/www.tucomarca.com\/wordpress\/segunda\/wp-json\/wp\/v2\/comments?post=159416"}],"version-history":[{"count":0,"href":"https:\/\/www.tucomarca.com\/wordpress\/segunda\/wp-json\/wp\/v2\/posts\/159416\/revisions"}],"wp:featuredmedia":[{"embeddable":true,"href":"https:\/\/www.tucomarca.com\/wordpress\/segunda\/wp-json\/wp\/v2\/media\/144786"}],"wp:attachment":[{"href":"https:\/\/www.tucomarca.com\/wordpress\/segunda\/wp-json\/wp\/v2\/media?parent=159416"}],"wp:term":[{"taxonomy":"category","embeddable":true,"href":"https:\/\/www.tucomarca.com\/wordpress\/segunda\/wp-json\/wp\/v2\/categories?post=159416"},{"taxonomy":"post_tag","embeddable":true,"href":"https:\/\/www.tucomarca.com\/wordpress\/segunda\/wp-json\/wp\/v2\/tags?post=159416"}],"curies":[{"name":"wp","href":"https:\/\/api.w.org\/{rel}","templated":true}]}}