{"id":159849,"date":"2022-06-20T14:30:00","date_gmt":"2022-06-20T12:30:00","guid":{"rendered":"http:\/\/www.tucomarca.com\/wordpress\/segunda\/?p=159849"},"modified":"2022-06-20T19:19:30","modified_gmt":"2022-06-20T17:19:30","slug":"el-calor-se-lleva-mas-de-la-mitad-de-la-produccion-de-olivas-de-este-ano-en-requena-utiel","status":"publish","type":"post","link":"https:\/\/www.tucomarca.com\/wordpress\/segunda\/el-calor-se-lleva-mas-de-la-mitad-de-la-produccion-de-olivas-de-este-ano-en-requena-utiel\/","title":{"rendered":"El calor se lleva m\u00e1s de la mitad de la producci\u00f3n de olivas de este a\u00f1o en Requena-Utiel"},"content":{"rendered":"\n<p>Las altas temperaturas que se vienen registrando en la comarca Requena-Utiel desde el 6 de junio, han arruinado la pr\u00f3xima cosecha de olivas para la elaboraci\u00f3n de aceite. Seg\u00fan el testimonio de olivicultores de la zona \u00abel fuerte calor se ha llevado a nivel global m\u00e1s del 50% de la producci\u00f3n de olivas de este a\u00f1o\u00bb. \u00abHay parcelas que han perdido m\u00e1s del 80% de las cosechas\u00bb a\u00f1aden los afectados.<\/p>\n\n\n\n<p>La producci\u00f3n media de la comarca Requena-Utiel es de unos 10 millones de kilos de olivas anuales. Informa, <strong>Luis Ib\u00e1\u00f1ez<\/strong>.<\/p>\n","protected":false},"excerpt":{"rendered":"<div class=\"mh-excerpt\">Las altas temperaturas que se vienen registrando en la comarca Requena-Utiel desde el 6 de junio, han arruinado la pr\u00f3xima cosecha de olivas para la elaboraci\u00f3n de aceite. Seg\u00fan el testimonio de olivicultores de la <a class=\"mh-excerpt-more\" href=\"https:\/\/www.tucomarca.com\/wordpress\/segunda\/el-calor-se-lleva-mas-de-la-mitad-de-la-produccion-de-olivas-de-este-ano-en-requena-utiel\/\" title=\"El calor se lleva m\u00e1s de la mitad de la producci\u00f3n de olivas de este a\u00f1o en Requena-Utiel\">[+] <\/a><\/div>\n","protected":false},"author":12,"featured_media":159853,"comment_status":"open","ping_status":"open","sticky":false,"template":"","format":"standard","meta":{"footnotes":""},"categories":[169,112,236,37,138,139,128,8,111,117,28,27,140,3,235,29,234,120],"tags":[389,17404,10387],"class_list":{"0":"post-159849","1":"post","2":"type-post","3":"status-publish","4":"format-standard","5":"has-post-thumbnail","7":"category-agricultura-la-comarca","8":"category-campo-arcis","9":"category-camporrobles","10":"category-caudete","11":"category-chera","12":"category-fuenterrobles","13":"category-infraestructuras","14":"category-la-comarca","15":"category-las-cuevas","16":"category-medio-ambiente-la-comarca","17":"category-requena","18":"category-requena-utiel","19":"category-san-antonio","20":"category-seccion","21":"category-sinarcas","22":"category-utiel","23":"category-venta-del-moro","24":"category-villargordo-del-cabriel","25":"tag-ola-de-calor","26":"tag-olivas","27":"tag-requena-utiel"},"_links":{"self":[{"href":"https:\/\/www.tucomarca.com\/wordpress\/segunda\/wp-json\/wp\/v2\/posts\/159849","targetHints":{"allow":["GET"]}}],"collection":[{"href":"https:\/\/www.tucomarca.com\/wordpress\/segunda\/wp-json\/wp\/v2\/posts"}],"about":[{"href":"https:\/\/www.tucomarca.com\/wordpress\/segunda\/wp-json\/wp\/v2\/types\/post"}],"author":[{"embeddable":true,"href":"https:\/\/www.tucomarca.com\/wordpress\/segunda\/wp-json\/wp\/v2\/users\/12"}],"replies":[{"embeddable":true,"href":"https:\/\/www.tucomarca.com\/wordpress\/segunda\/wp-json\/wp\/v2\/comments?post=159849"}],"version-history":[{"count":0,"href":"https:\/\/www.tucomarca.com\/wordpress\/segunda\/wp-json\/wp\/v2\/posts\/159849\/revisions"}],"wp:featuredmedia":[{"embeddable":true,"href":"https:\/\/www.tucomarca.com\/wordpress\/segunda\/wp-json\/wp\/v2\/media\/159853"}],"wp:attachment":[{"href":"https:\/\/www.tucomarca.com\/wordpress\/segunda\/wp-json\/wp\/v2\/media?parent=159849"}],"wp:term":[{"taxonomy":"category","embeddable":true,"href":"https:\/\/www.tucomarca.com\/wordpress\/segunda\/wp-json\/wp\/v2\/categories?post=159849"},{"taxonomy":"post_tag","embeddable":true,"href":"https:\/\/www.tucomarca.com\/wordpress\/segunda\/wp-json\/wp\/v2\/tags?post=159849"}],"curies":[{"name":"wp","href":"https:\/\/api.w.org\/{rel}","templated":true}]}}