{"id":159979,"date":"2022-06-21T12:05:00","date_gmt":"2022-06-21T10:05:00","guid":{"rendered":"http:\/\/www.tucomarca.com\/wordpress\/segunda\/?p=159979"},"modified":"2022-06-21T18:45:17","modified_gmt":"2022-06-21T16:45:17","slug":"el-consul-de-ucrania-en-valencia-y-el-alcalde-de-riba-roja-abren-nuevas-vias-de-cooperacion","status":"publish","type":"post","link":"https:\/\/www.tucomarca.com\/wordpress\/segunda\/el-consul-de-ucrania-en-valencia-y-el-alcalde-de-riba-roja-abren-nuevas-vias-de-cooperacion\/","title":{"rendered":"El consul de Ucrania en Val\u00e8ncia y el alcalde de Riba-roja abren nuevas v\u00edas de cooperaci\u00f3n"},"content":{"rendered":"\n<p><strong>Ambos representantes han acordado explorar la v\u00eda del hermanamiento con otra ciudad de similares caracter\u00edsticas.<\/strong><\/p>\n\n\n\n<p>El alcalde de Riba-roja de T\u00faria Robert Raga ha recibido este lunes 20 de junio al c\u00f3nsul honorario de Ucrania, Pablo Gil, para tratar con \u00e9l la invasi\u00f3n de Rusia y la ayuda aportada desde el municipio valenciano en estos \u00faltimos meses.<\/p>\n\n\n\n<p>Durante el encuentro, ambos representantes han abordado la cuesti\u00f3n de la hermandad entre Riba-roja y un municipio ucraniano de similares caracter\u00edsticas \u2013 especialmente en el campo log\u00edstico e industrial- como v\u00eda de colaboraci\u00f3n m\u00e1s estrecha y efectiva para el intercambio de necesidades y conocimientos, adem\u00e1s de ser un impulso m\u00e1s en la futura reconstrucci\u00f3n del pa\u00eds.<\/p>\n\n\n\n<p>Raga y Gil han estado de acuerdo sobre la necesidad de poner en com\u00fan esfuerzos para poder paliar de manera modesta a los da\u00f1os que la invasi\u00f3n Rusa est\u00e1 causando a muchas ciudades y pueblos ucranianos, y tambi\u00e9n, para \u201creforzar los valores que inspiran el proyecto europeo del que formamos parte y al que aspira Ucrania\u201d ha explicado Raga.<\/p>\n\n\n\n<p>\u201cLa paz y el progreso se construye desde las grandes ciudades pero tambi\u00e9n desde municipios medianos y peque\u00f1os que son germen de esperanza para la recuperaci\u00f3n de un pa\u00eds que actualmente est\u00e1 sufriendo un ataque ilegal e inhumano\u201d ha a\u00f1adido Raga quien ha recordado que Riba-roja ha contribuido al esfuerzo solidario con m\u00e1s de 15 toneladas de bienes y alimentos procedente de vecinos y vecinas, adem\u00e1s de la acogida y ayuda a cerca de 40 personas refugiadas de guerra.<\/p>\n\n\n\n<p>El c\u00f3nsul ha agradecido el apoyo y el inter\u00e9s mostrado y ha explicado que el proyecto de hermanamiento que tendr\u00e1 que realizarse a trav\u00e9s tambi\u00e9n de la comunidad ucraniana presente en Riba-roja buscar\u00e1 establecerse con alg\u00fan municipio del oeste del pa\u00eds, zona la menos afectadas por el conflicto.<\/p>\n\n\n\n<p>\u201cDesgraciadamente nuestra mirada se posa sobre esa zona ya que la parte oeste est\u00e1 totalmente destrozada y nos encontramos con alcaldes y representantes ucranianos arrestados o desaparecidos\u201d ha explicado Gil a la vez que ha evocado la posibilidad de visitar la zona en primera persona, junto al alcalde de Riba-roja, Almussafes, Paiporta y B\u00e9tera, otros de los ayuntamientos que se han sumado a la propuesta del consulado de Ucrania en Val\u00e8ncia.<\/p>\n\n\n\n<p><strong>Encuentro con refugiados<\/strong><\/p>\n\n\n\n<p>Durante el encuentro que ha durado cerca de una hora, el alcalde ha presentado al joven Artem y su madre, Oxana, que tuvieron que salir del pa\u00eds tras perder la vida su otro hijo y el marido durante un bombardeo. El menor que ahora est\u00e1 instalado con su madre en el municipio, perdi\u00f3 su brazo durante el ataque.<\/p>\n\n\n\n<p>El c\u00f3nsul ha podido conversar con la familia que lleva meses acogida en Riba-roja y totalmente integrada a trav\u00e9s de la escolaridad del joven y de actividades y talleres con la madre, y a trav\u00e9s del servicio especial de orientaci\u00f3n y apoyo que el ayuntamiento ha puesto en marcha desde Servicios Sociales.<\/p>\n","protected":false},"excerpt":{"rendered":"<div class=\"mh-excerpt\">Ambos representantes han acordado explorar la v\u00eda del hermanamiento con otra ciudad de similares caracter\u00edsticas. El alcalde de Riba-roja de T\u00faria Robert Raga ha recibido este lunes 20 de junio al c\u00f3nsul honorario de Ucrania, <a class=\"mh-excerpt-more\" href=\"https:\/\/www.tucomarca.com\/wordpress\/segunda\/el-consul-de-ucrania-en-valencia-y-el-alcalde-de-riba-roja-abren-nuevas-vias-de-cooperacion\/\" title=\"El consul de Ucrania en Val\u00e8ncia y el alcalde de Riba-roja abren nuevas v\u00edas de cooperaci\u00f3n\">[+] <\/a><\/div>\n","protected":false},"author":13,"featured_media":159985,"comment_status":"open","ping_status":"open","sticky":false,"template":"","format":"standard","meta":{"footnotes":""},"categories":[46,128,8,72,142,182,3],"tags":[10551,10395,1504],"class_list":{"0":"post-159979","1":"post","2":"type-post","3":"status-publish","4":"format-standard","5":"has-post-thumbnail","7":"category-camp-de-turia","8":"category-infraestructuras","9":"category-la-comarca","10":"category-sin-categorizar","11":"category-politica-la-comarca","12":"category-riba-roja","13":"category-seccion","14":"tag-ayuntamiento-de-riba-roja","15":"tag-camp-de-turia","16":"tag-riba-roja-2"},"_links":{"self":[{"href":"https:\/\/www.tucomarca.com\/wordpress\/segunda\/wp-json\/wp\/v2\/posts\/159979","targetHints":{"allow":["GET"]}}],"collection":[{"href":"https:\/\/www.tucomarca.com\/wordpress\/segunda\/wp-json\/wp\/v2\/posts"}],"about":[{"href":"https:\/\/www.tucomarca.com\/wordpress\/segunda\/wp-json\/wp\/v2\/types\/post"}],"author":[{"embeddable":true,"href":"https:\/\/www.tucomarca.com\/wordpress\/segunda\/wp-json\/wp\/v2\/users\/13"}],"replies":[{"embeddable":true,"href":"https:\/\/www.tucomarca.com\/wordpress\/segunda\/wp-json\/wp\/v2\/comments?post=159979"}],"version-history":[{"count":0,"href":"https:\/\/www.tucomarca.com\/wordpress\/segunda\/wp-json\/wp\/v2\/posts\/159979\/revisions"}],"wp:featuredmedia":[{"embeddable":true,"href":"https:\/\/www.tucomarca.com\/wordpress\/segunda\/wp-json\/wp\/v2\/media\/159985"}],"wp:attachment":[{"href":"https:\/\/www.tucomarca.com\/wordpress\/segunda\/wp-json\/wp\/v2\/media?parent=159979"}],"wp:term":[{"taxonomy":"category","embeddable":true,"href":"https:\/\/www.tucomarca.com\/wordpress\/segunda\/wp-json\/wp\/v2\/categories?post=159979"},{"taxonomy":"post_tag","embeddable":true,"href":"https:\/\/www.tucomarca.com\/wordpress\/segunda\/wp-json\/wp\/v2\/tags?post=159979"}],"curies":[{"name":"wp","href":"https:\/\/api.w.org\/{rel}","templated":true}]}}