{"id":16025,"date":"2013-07-01T12:10:40","date_gmt":"2013-07-01T09:10:40","guid":{"rendered":"http:\/\/www.tucomarca.com\/wordpress\/segunda\/?p=16025"},"modified":"2013-07-01T12:10:40","modified_gmt":"2013-07-01T09:10:40","slug":"gobernacion-retira-la-preemergencia-por-riesgo-de-incendios-forestales-en-la-comunitat-valenciana","status":"publish","type":"post","link":"https:\/\/www.tucomarca.com\/wordpress\/segunda\/gobernacion-retira-la-preemergencia-por-riesgo-de-incendios-forestales-en-la-comunitat-valenciana\/","title":{"rendered":"Gobernaci\u00f3n retira la Preemergencia por riesgo de incendios forestales en la Comunitat Valenciana"},"content":{"rendered":"<p>La Conselleria de Gobernaci\u00f3n y Justicia, a trav\u00e9s del Centro de Coordinaci\u00f3n de Emergencias (CCE), ha retirado hoy lunes, 1 de julio, la Preemergencia por riesgo de incendios forestales en la Comunitat Valenciana.<\/p>\n<p>La Agencia Estatal de Meteorolog\u00eda prev\u00e9 para esta jornada \u00abpoco nuboso, por la tarde nubosidad de evoluci\u00f3n en el interior e intervalos de nubes altas. En el norte chubascos que podr\u00edan ser localmente fuertes y acompa\u00f1ados de<\/p>\n<p>tormenta. Temperaturas sin cambios significativos. Vientos flojos variables con brisas y en Alicante predominio del este con intervalos de moderado en el litoral sur\u00bb.<\/p>\n","protected":false},"excerpt":{"rendered":"<div class=\"mh-excerpt\">La Conselleria de Gobernaci\u00f3n y Justicia, a trav\u00e9s del Centro de Coordinaci\u00f3n de Emergencias (CCE), ha retirado hoy lunes, 1 de julio, la Preemergencia por riesgo de incendios forestales en la Comunitat Valenciana. La Agencia <a class=\"mh-excerpt-more\" href=\"https:\/\/www.tucomarca.com\/wordpress\/segunda\/gobernacion-retira-la-preemergencia-por-riesgo-de-incendios-forestales-en-la-comunitat-valenciana\/\" title=\"Gobernaci\u00f3n retira la Preemergencia por riesgo de incendios forestales en la Comunitat Valenciana\">[+] <\/a><\/div>\n","protected":false},"author":2,"featured_media":0,"comment_status":"open","ping_status":"open","sticky":false,"template":"","format":"standard","meta":{"footnotes":""},"categories":[8,72,10,3],"tags":[390,1309],"class_list":{"0":"post-16025","1":"post","2":"type-post","3":"status-publish","4":"format-standard","6":"category-la-comarca","7":"category-sin-categorizar","8":"category-la-hoya","9":"category-seccion","10":"tag-gobernacion","11":"tag-preemergencias"},"_links":{"self":[{"href":"https:\/\/www.tucomarca.com\/wordpress\/segunda\/wp-json\/wp\/v2\/posts\/16025","targetHints":{"allow":["GET"]}}],"collection":[{"href":"https:\/\/www.tucomarca.com\/wordpress\/segunda\/wp-json\/wp\/v2\/posts"}],"about":[{"href":"https:\/\/www.tucomarca.com\/wordpress\/segunda\/wp-json\/wp\/v2\/types\/post"}],"author":[{"embeddable":true,"href":"https:\/\/www.tucomarca.com\/wordpress\/segunda\/wp-json\/wp\/v2\/users\/2"}],"replies":[{"embeddable":true,"href":"https:\/\/www.tucomarca.com\/wordpress\/segunda\/wp-json\/wp\/v2\/comments?post=16025"}],"version-history":[{"count":0,"href":"https:\/\/www.tucomarca.com\/wordpress\/segunda\/wp-json\/wp\/v2\/posts\/16025\/revisions"}],"wp:attachment":[{"href":"https:\/\/www.tucomarca.com\/wordpress\/segunda\/wp-json\/wp\/v2\/media?parent=16025"}],"wp:term":[{"taxonomy":"category","embeddable":true,"href":"https:\/\/www.tucomarca.com\/wordpress\/segunda\/wp-json\/wp\/v2\/categories?post=16025"},{"taxonomy":"post_tag","embeddable":true,"href":"https:\/\/www.tucomarca.com\/wordpress\/segunda\/wp-json\/wp\/v2\/tags?post=16025"}],"curies":[{"name":"wp","href":"https:\/\/api.w.org\/{rel}","templated":true}]}}