{"id":160290,"date":"2022-06-27T10:00:00","date_gmt":"2022-06-27T08:00:00","guid":{"rendered":"http:\/\/www.tucomarca.com\/wordpress\/segunda\/?p=160290"},"modified":"2022-06-27T14:54:46","modified_gmt":"2022-06-27T12:54:46","slug":"los-vinedos-para-cavas-muestran-uvas-sanas-por-las-buenas-condiciones-atmosfericas","status":"publish","type":"post","link":"https:\/\/www.tucomarca.com\/wordpress\/segunda\/los-vinedos-para-cavas-muestran-uvas-sanas-por-las-buenas-condiciones-atmosfericas\/","title":{"rendered":"Los vi\u00f1edos para cavas muestran uvas sanas por las buenas condiciones atmosf\u00e9ricas"},"content":{"rendered":"\n<p>Productores de uvas para cavas del municipio de Requena (el \u00fanico de la Comunidad Valenciana, que est\u00e1 autorizado para elaborar la bebida espumosa), coinciden en afirmar que \u00abeste a\u00f1o se esperan muy buenos resultados en cuanto a producci\u00f3n y calidad del producto\u00bb.<\/p>\n\n\n\n<p>En el t\u00e9rmino municipal de Requena se cultivan en torno a 4.000 hect\u00e1reas de vi\u00f1a destinadas a producir uvas para cavas. La variedad mayoritaria es la Macabeo; pero se cultivan varias variedades entre las que se incluyen la Chardonnay, la Garnacha y la Pinot Noir.<\/p>\n\n\n\n<p>Los viticultores aseguran que el comportamiento atmosf\u00e9rico de este a\u00f1o est\u00e1 siendo la clave para que las vides presenten buen fruto con un estado sanitario perfecto. Y detallan, que hubo lluvias abundantes en marzo y abril, que han favorecido que haya una vegetaci\u00f3n exuberante en las cepas y buena muestra de fruto. Sin embargo, en mayo y junio la pluviometria ha sido escasa y este hecho est\u00e1 favoreciendo la ausencia total de plagas y enfermedades, dicen los agricultores.<\/p>\n\n\n\n<p>La vendimia de las uvas para cavas est\u00e1 previsto que se inicie a finales del pr\u00f3ximo mes de agosto y que se generalice en septiembre. Informa, <strong>Luis Ib\u00e1\u00f1ez.<\/strong><\/p>\n","protected":false},"excerpt":{"rendered":"<div class=\"mh-excerpt\">Productores de uvas para cavas del municipio de Requena (el \u00fanico de la Comunidad Valenciana, que est\u00e1 autorizado para elaborar la bebida espumosa), coinciden en afirmar que \u00abeste a\u00f1o se esperan muy buenos resultados en <a class=\"mh-excerpt-more\" href=\"https:\/\/www.tucomarca.com\/wordpress\/segunda\/los-vinedos-para-cavas-muestran-uvas-sanas-por-las-buenas-condiciones-atmosfericas\/\" title=\"Los vi\u00f1edos para cavas muestran uvas sanas por las buenas condiciones atmosf\u00e9ricas\">[+] <\/a><\/div>\n","protected":false},"author":12,"featured_media":160292,"comment_status":"open","ping_status":"open","sticky":false,"template":"","format":"standard","meta":{"footnotes":""},"categories":[169,113,128,8,72,28,27,3],"tags":[17395,10388,10387],"class_list":{"0":"post-160290","1":"post","2":"type-post","3":"status-publish","4":"format-standard","5":"has-post-thumbnail","7":"category-agricultura-la-comarca","8":"category-vinos","9":"category-infraestructuras","10":"category-la-comarca","11":"category-sin-categorizar","12":"category-requena","13":"category-requena-utiel","14":"category-seccion","15":"tag-d-o-cava-de-requena","16":"tag-requena","17":"tag-requena-utiel"},"_links":{"self":[{"href":"https:\/\/www.tucomarca.com\/wordpress\/segunda\/wp-json\/wp\/v2\/posts\/160290","targetHints":{"allow":["GET"]}}],"collection":[{"href":"https:\/\/www.tucomarca.com\/wordpress\/segunda\/wp-json\/wp\/v2\/posts"}],"about":[{"href":"https:\/\/www.tucomarca.com\/wordpress\/segunda\/wp-json\/wp\/v2\/types\/post"}],"author":[{"embeddable":true,"href":"https:\/\/www.tucomarca.com\/wordpress\/segunda\/wp-json\/wp\/v2\/users\/12"}],"replies":[{"embeddable":true,"href":"https:\/\/www.tucomarca.com\/wordpress\/segunda\/wp-json\/wp\/v2\/comments?post=160290"}],"version-history":[{"count":0,"href":"https:\/\/www.tucomarca.com\/wordpress\/segunda\/wp-json\/wp\/v2\/posts\/160290\/revisions"}],"wp:featuredmedia":[{"embeddable":true,"href":"https:\/\/www.tucomarca.com\/wordpress\/segunda\/wp-json\/wp\/v2\/media\/160292"}],"wp:attachment":[{"href":"https:\/\/www.tucomarca.com\/wordpress\/segunda\/wp-json\/wp\/v2\/media?parent=160290"}],"wp:term":[{"taxonomy":"category","embeddable":true,"href":"https:\/\/www.tucomarca.com\/wordpress\/segunda\/wp-json\/wp\/v2\/categories?post=160290"},{"taxonomy":"post_tag","embeddable":true,"href":"https:\/\/www.tucomarca.com\/wordpress\/segunda\/wp-json\/wp\/v2\/tags?post=160290"}],"curies":[{"name":"wp","href":"https:\/\/api.w.org\/{rel}","templated":true}]}}