{"id":16033,"date":"2013-07-01T12:46:41","date_gmt":"2013-07-01T09:46:41","guid":{"rendered":"http:\/\/www.tucomarca.com\/wordpress\/segunda\/?p=16033"},"modified":"2013-07-01T12:46:49","modified_gmt":"2013-07-01T09:46:49","slug":"los-chestanos-disfrutan-de-la-experiencia-del-mercado-ecored-y-de-trueque","status":"publish","type":"post","link":"https:\/\/www.tucomarca.com\/wordpress\/segunda\/los-chestanos-disfrutan-de-la-experiencia-del-mercado-ecored-y-de-trueque\/","title":{"rendered":"Los chestanos disfrutan de la experiencia del Mercado EcoRed y de Trueque"},"content":{"rendered":"<p><figure id=\"attachment_16037\" aria-describedby=\"caption-attachment-16037\" style=\"width: 300px\" class=\"wp-caption alignleft\"><a href=\"https:\/\/www.tucomarca.com\/wordpress\/segunda\/?attachment_id=16037\" rel=\"attachment wp-att-16037\"><img loading=\"lazy\" decoding=\"async\" src=\"https:\/\/www.tucomarca.com\/wordpress\/segunda\/wp-content\/uploads\/2013\/07\/Cheste-300x168.jpg\" alt=\"\" title=\"Cheste\" width=\"300\" height=\"168\" class=\"size-medium wp-image-16037\" srcset=\"https:\/\/www.tucomarca.com\/wordpress\/segunda\/wp-content\/uploads\/2013\/07\/Cheste-300x168.jpg 300w, https:\/\/www.tucomarca.com\/wordpress\/segunda\/wp-content\/uploads\/2013\/07\/Cheste-1024x576.jpg 1024w, https:\/\/www.tucomarca.com\/wordpress\/segunda\/wp-content\/uploads\/2013\/07\/Cheste.jpg 1280w\" sizes=\"auto, (max-width: 300px) 100vw, 300px\" \/><\/a><figcaption id=\"caption-attachment-16037\" class=\"wp-caption-text\">La iniciativa ha sido todo un \u00e9xito. tc.c<\/figcaption><\/figure>La Arboleda del Polideportivo Municipal de Cheste ha acogido este domingo 30 el Mercado Eco Red Local de Intercambio Hoya de Bu\u00f1ol con el que se ha buscado fomentar el trueque de bienes y un sistema independiente de intercambio de servicios que ayuda a las comunidades locales a desarrollarse en momentos econ\u00f3micamente dif\u00edciles.<\/p>\n<p>Los chestnos pudieron a lo largo de toda la ma\u00f1ana disfrutar de la experiencia y conocer de cerca el funcionamiento de este nuevo mercado de intercambio bienes, servicios o conocimientos con otras personas que los necesiten sin que medie el dinero.<\/p>\n<p>Los intercambios y trueques est\u00e1n basados en la confianza y la reciprocidad, adem\u00e1s de permitir un consumo m\u00e1s local y duradero, puesto que lo que un ciudadano no utiliza lo puede necesitar otro. <\/p>\n<p>En \u00e9l los vecinos y curiosos dispon\u00edan de un amplio repertorio de productos; desde ropa, abalorios, bisuter\u00eda, l\u00e1mparas, piezas de artesan\u00eda realizadas a mano, jabones naturales, libros y un amplio etc\u00e9tera.<\/p>\n<p>\u201cNos ha parecido una experiencia fabulosa. Es una iniciativa de la que pueden beneficiase muchos vecinos, puesto que no necesitan dinero y pueden hacer un intercambio de sus servicios o de sus conocimientos. Adem\u00e1s, y como he podido comprobar personalmente, se trata de un mercado que promueve la reutilizaci\u00f3n y ante todo demuestra ser sostenible\u201d, explica la Concejal Rosa M\u00aa Cervera.<\/p>\n","protected":false},"excerpt":{"rendered":"<div class=\"mh-excerpt\">La Arboleda del Polideportivo Municipal de Cheste ha acogido este domingo 30 el Mercado Eco Red Local de Intercambio Hoya de Bu\u00f1ol con el que se ha buscado fomentar el trueque de bienes y un <a class=\"mh-excerpt-more\" href=\"https:\/\/www.tucomarca.com\/wordpress\/segunda\/los-chestanos-disfrutan-de-la-experiencia-del-mercado-ecored-y-de-trueque\/\" title=\"Los chestanos disfrutan de la experiencia del Mercado EcoRed y de Trueque\">[+] <\/a><\/div>\n","protected":false},"author":2,"featured_media":16037,"comment_status":"open","ping_status":"open","sticky":false,"template":"","format":"standard","meta":{"footnotes":""},"categories":[17,8,10,3,45],"tags":[339,1274,393],"class_list":{"0":"post-16033","1":"post","2":"type-post","3":"status-publish","4":"format-standard","5":"has-post-thumbnail","7":"category-cheste","8":"category-la-comarca","9":"category-la-hoya","10":"category-seccion","11":"category-ventana","12":"tag-cheste-2","13":"tag-ecored","14":"tag-mercado"},"_links":{"self":[{"href":"https:\/\/www.tucomarca.com\/wordpress\/segunda\/wp-json\/wp\/v2\/posts\/16033","targetHints":{"allow":["GET"]}}],"collection":[{"href":"https:\/\/www.tucomarca.com\/wordpress\/segunda\/wp-json\/wp\/v2\/posts"}],"about":[{"href":"https:\/\/www.tucomarca.com\/wordpress\/segunda\/wp-json\/wp\/v2\/types\/post"}],"author":[{"embeddable":true,"href":"https:\/\/www.tucomarca.com\/wordpress\/segunda\/wp-json\/wp\/v2\/users\/2"}],"replies":[{"embeddable":true,"href":"https:\/\/www.tucomarca.com\/wordpress\/segunda\/wp-json\/wp\/v2\/comments?post=16033"}],"version-history":[{"count":0,"href":"https:\/\/www.tucomarca.com\/wordpress\/segunda\/wp-json\/wp\/v2\/posts\/16033\/revisions"}],"wp:featuredmedia":[{"embeddable":true,"href":"https:\/\/www.tucomarca.com\/wordpress\/segunda\/wp-json\/wp\/v2\/media\/16037"}],"wp:attachment":[{"href":"https:\/\/www.tucomarca.com\/wordpress\/segunda\/wp-json\/wp\/v2\/media?parent=16033"}],"wp:term":[{"taxonomy":"category","embeddable":true,"href":"https:\/\/www.tucomarca.com\/wordpress\/segunda\/wp-json\/wp\/v2\/categories?post=16033"},{"taxonomy":"post_tag","embeddable":true,"href":"https:\/\/www.tucomarca.com\/wordpress\/segunda\/wp-json\/wp\/v2\/tags?post=16033"}],"curies":[{"name":"wp","href":"https:\/\/api.w.org\/{rel}","templated":true}]}}