{"id":160335,"date":"2022-06-27T12:00:00","date_gmt":"2022-06-27T10:00:00","guid":{"rendered":"http:\/\/www.tucomarca.com\/wordpress\/segunda\/?p=160335"},"modified":"2022-06-28T13:38:48","modified_gmt":"2022-06-28T11:38:48","slug":"csif-denuncia-las-altas-temperaturas-en-los-juzgados-3-y-4-de-carlet-debido-al-retraso-en-la-reforma-de-la-climatizacion","status":"publish","type":"post","link":"https:\/\/www.tucomarca.com\/wordpress\/segunda\/csif-denuncia-las-altas-temperaturas-en-los-juzgados-3-y-4-de-carlet-debido-al-retraso-en-la-reforma-de-la-climatizacion\/","title":{"rendered":"CSIF denuncia las altas temperaturas en los juzgados 3 y 4 de Carlet debido al retraso en la reforma de la climatizaci\u00f3n"},"content":{"rendered":"\n<h4 class=\"wp-block-heading\">El sindicato reclama agilizar la instalaci\u00f3n para evitar temperaturas que superan ya los 30 grados en estas dependencias<\/h4>\n\n\n\n<figure class=\"wp-block-image size-large\"><img loading=\"lazy\" decoding=\"async\" width=\"768\" height=\"1024\" src=\"https:\/\/www.tucomarca.com\/wordpress\/segunda\/wp-content\/uploads\/2022\/06\/jjuzgadoCarlet-768x1024.jpeg\" alt=\"\" class=\"wp-image-160337\" srcset=\"https:\/\/www.tucomarca.com\/wordpress\/segunda\/wp-content\/uploads\/2022\/06\/jjuzgadoCarlet-768x1024.jpeg 768w, https:\/\/www.tucomarca.com\/wordpress\/segunda\/wp-content\/uploads\/2022\/06\/jjuzgadoCarlet-225x300.jpeg 225w, https:\/\/www.tucomarca.com\/wordpress\/segunda\/wp-content\/uploads\/2022\/06\/jjuzgadoCarlet-1152x1536.jpeg 1152w, https:\/\/www.tucomarca.com\/wordpress\/segunda\/wp-content\/uploads\/2022\/06\/jjuzgadoCarlet.jpeg 1200w\" sizes=\"auto, (max-width: 768px) 100vw, 768px\" \/><\/figure>\n\n\n\n<p>El sindicato CSIF denuncia las altas temperaturas que soportan usuarios y trabajadores de los juzgados 3 y 4 de Carlet debido al retraso en la reforma de la climatizaci\u00f3n, ya que en el interior de estos recintos se est\u00e1 superando ya los 30 grados. El sindicato recuerda que la normativa marca un m\u00e1ximo de 27 grados dentro de espacios laborales.<\/p>\n\n\n\n<p>La Central Sindical Independiente y de Funcionarios (CSIF) explica que los juzgados 3 y 4 est\u00e1n ubicados en el segundo piso de las dependencias judiciales de Carlet. Ambos \u00f3rganos judiciales son mixtos, y en el caso del 3 tambi\u00e9n es el encargado de violencia contra la mujer. Adem\u00e1s de una decena de trabajadores en cada uno, cada d\u00eda pasan por estas dependencias decenas de personas entre procuradores, abogados o citaciones.<\/p>\n\n\n\n<p>El sindicato se\u00f1ala que el retraso en emprender la remodelaci\u00f3n del sistema de refrigeraci\u00f3n ha provocado que haya comenzado el verano sin haberse concluido la intervenci\u00f3n. Esta circunstancia, unida a la ubicaci\u00f3n de los juzgados en el piso superior y al doble efecto que generan los ventiladores denominados \u00b4ping\u00fcinos\u00b4, instalados provisionalmente y conectado con tubos al techo, que devuelven aire caliente, causa elevadas temperaturas en el interior de estos juzgados.<\/p>\n\n\n\n<p>CSIF apunta que la sensaci\u00f3n t\u00e9rmica al subir del primer piso al segundo es de entre 8 y 10 grados superior. De hecho, en las mediciones llevadas a cabo ayer, con el juzgado 3 de guardia, alcanzaron los 30,9 grados. Esta circunstancia contraviene el Real Decreto 486\/1997, de 14 de abril, que establece las disposiciones m\u00ednimas de seguridad y salud en el trabajo,&nbsp; con unos m\u00ednimos de 17 grados y unos m\u00e1ximos de 27.&nbsp;<\/p>\n\n\n\n<p>La central sindical lamenta el retraso en el inicio de la intervenci\u00f3n para remodelar la climatizaci\u00f3n, pide que se acelere y alerta de las altas temperaturas y del riesgo de mayor poluci\u00f3n que supone trabajar con el techado interior levantado.<\/p>\n","protected":false},"excerpt":{"rendered":"<div class=\"mh-excerpt\">El sindicato reclama agilizar la instalaci\u00f3n para evitar temperaturas que superan ya los 30 grados en estas dependencias El sindicato CSIF denuncia las altas temperaturas que soportan usuarios y trabajadores de los juzgados 3 y <a class=\"mh-excerpt-more\" href=\"https:\/\/www.tucomarca.com\/wordpress\/segunda\/csif-denuncia-las-altas-temperaturas-en-los-juzgados-3-y-4-de-carlet-debido-al-retraso-en-la-reforma-de-la-climatizacion\/\" title=\"CSIF denuncia las altas temperaturas en los juzgados 3 y 4 de Carlet debido al retraso en la reforma de la climatizaci\u00f3n\">[+] <\/a><\/div>\n","protected":false},"author":12,"featured_media":160339,"comment_status":"open","ping_status":"open","sticky":false,"template":"","format":"standard","meta":{"footnotes":""},"categories":[291,128,8,42,142,3],"tags":[10462,381,17450,1407],"class_list":{"0":"post-160335","1":"post","2":"type-post","3":"status-publish","4":"format-standard","5":"has-post-thumbnail","7":"category-carlet","8":"category-infraestructuras","9":"category-la-comarca","10":"category-la-ribera","11":"category-politica-la-comarca","12":"category-seccion","13":"tag-carlet","14":"tag-csif","15":"tag-juzgados-3-y-4-de-carlet","16":"tag-ribera-alta"},"_links":{"self":[{"href":"https:\/\/www.tucomarca.com\/wordpress\/segunda\/wp-json\/wp\/v2\/posts\/160335","targetHints":{"allow":["GET"]}}],"collection":[{"href":"https:\/\/www.tucomarca.com\/wordpress\/segunda\/wp-json\/wp\/v2\/posts"}],"about":[{"href":"https:\/\/www.tucomarca.com\/wordpress\/segunda\/wp-json\/wp\/v2\/types\/post"}],"author":[{"embeddable":true,"href":"https:\/\/www.tucomarca.com\/wordpress\/segunda\/wp-json\/wp\/v2\/users\/12"}],"replies":[{"embeddable":true,"href":"https:\/\/www.tucomarca.com\/wordpress\/segunda\/wp-json\/wp\/v2\/comments?post=160335"}],"version-history":[{"count":0,"href":"https:\/\/www.tucomarca.com\/wordpress\/segunda\/wp-json\/wp\/v2\/posts\/160335\/revisions"}],"wp:featuredmedia":[{"embeddable":true,"href":"https:\/\/www.tucomarca.com\/wordpress\/segunda\/wp-json\/wp\/v2\/media\/160339"}],"wp:attachment":[{"href":"https:\/\/www.tucomarca.com\/wordpress\/segunda\/wp-json\/wp\/v2\/media?parent=160335"}],"wp:term":[{"taxonomy":"category","embeddable":true,"href":"https:\/\/www.tucomarca.com\/wordpress\/segunda\/wp-json\/wp\/v2\/categories?post=160335"},{"taxonomy":"post_tag","embeddable":true,"href":"https:\/\/www.tucomarca.com\/wordpress\/segunda\/wp-json\/wp\/v2\/tags?post=160335"}],"curies":[{"name":"wp","href":"https:\/\/api.w.org\/{rel}","templated":true}]}}