{"id":160344,"date":"2022-06-27T17:10:00","date_gmt":"2022-06-27T15:10:00","guid":{"rendered":"http:\/\/www.tucomarca.com\/wordpress\/segunda\/?p=160344"},"modified":"2022-06-28T13:53:00","modified_gmt":"2022-06-28T11:53:00","slug":"el-evento-celebrando-el-solsticio-disfrutando-la-vida-recibe-a-decenas-de-participantes-en-su-primera-edicion","status":"publish","type":"post","link":"https:\/\/www.tucomarca.com\/wordpress\/segunda\/el-evento-celebrando-el-solsticio-disfrutando-la-vida-recibe-a-decenas-de-participantes-en-su-primera-edicion\/","title":{"rendered":"El evento \u201cCelebrando el solsticio, disfrutando la vida\u201d recibe a decenas de participantes en su primera edici\u00f3n"},"content":{"rendered":"\n<p>El pasado s\u00e1bado, 25 de junio, el Parque de la Lomiquia acogi\u00f3 un evento de bienvenida al verano bajo el t\u00edtulo \u201cCelebrando el Solsticio, disfrutando la vida\u201d, organizado desde la concejal\u00eda de Medio Ambiente. Desde las 10:00 a las 00:00 se sucedieron distintas actividades, entre las que se incluyeron catas, ponencias, clases de yoga, talleres y actuaciones de m\u00fasica en directo. Adem\u00e1s, se instalaron puestos con propuestas de terapias alternativas y productos ecol\u00f3gicos y artesanales, y un puesto de comida vegana.&nbsp;<\/p>\n\n\n\n<p>\u201cEl objetivo era organizar un evento creativo y novedoso, que a su vez se centrase en la concienciaci\u00f3n y sensibilizaci\u00f3n ambiental\u201d, explicaba el concejal de Medio Ambiente, David Pujals. \u201cSin duda, destaco el \u00e9xito de participaci\u00f3n, el buen ambiente que ha habido y la conexi\u00f3n con la naturaleza, en armon\u00eda con la m\u00fasica en directo a cargo del tr\u00edo de cuerdas Almaro, de Daniel Ib\u00e1\u00f1ez y Vicente P\u00e9rez, y de El primer cruce. Adem\u00e1s, agradezco a Daniel Escribano que nos presentara sus nuevos temas, tan reivindicativos y necesarios para crear conciencia. Por \u00faltimo, quiero agradecer su participaci\u00f3n a las empresas y asociaciones y a los m\u00fasicos y las m\u00fasicas; y su esfuerzo a los t\u00e9cnicos y t\u00e9cnicas de sonido y al personal del Ayuntamiento\u201d.<\/p>\n\n\n\n<p><strong>Un completo programa con actividades para todos los p\u00fablicos<\/strong><\/p>\n\n\n\n<p>A lo largo de la jornada, desde la Asociaci\u00f3n Altruista de Reiki de Bu\u00f1ol se impartieron masajes; la Escuela Tantien imparti\u00f3 clases de Taichi y QiYong; y se llevaron a cabo las charlas y ponencias de la compa\u00f1\u00eda Hidrolux; as\u00ed como una sesi\u00f3n de Mindfulness, talleres de cerveza y de cocina.<\/p>\n\n\n\n<p>Por la tarde, a partir de las 19:00, la Lomiquia volvi\u00f3 a acoger a visitantes de todas las edades que participaron en las actividades programadas. La Escuela Kamari imparti\u00f3 una clase de Kundalini Yoga en la zona de la entrada del parque y, a partir de esta hora, comenzaron los conciertos en directo y se sucedieron charlas, talleres y catas de cervezas y chocolates.<\/p>\n\n\n\n<figure class=\"wp-block-gallery columns-2 is-cropped wp-block-gallery-1 is-layout-flex wp-block-gallery-is-layout-flex\"><ul class=\"blocks-gallery-grid\"><li class=\"blocks-gallery-item\"><figure><img loading=\"lazy\" decoding=\"async\" width=\"1024\" height=\"682\" src=\"https:\/\/www.tucomarca.com\/wordpress\/segunda\/wp-content\/uploads\/2022\/06\/Cheste_Solsticio_3-1024x682.jpg\" alt=\"\" data-id=\"160350\" data-full-url=\"https:\/\/www.tucomarca.com\/wordpress\/segunda\/wp-content\/uploads\/2022\/06\/Cheste_Solsticio_3.jpg\" data-link=\"https:\/\/www.tucomarca.com\/wordpress\/segunda\/?attachment_id=160350\" class=\"wp-image-160350\" srcset=\"https:\/\/www.tucomarca.com\/wordpress\/segunda\/wp-content\/uploads\/2022\/06\/Cheste_Solsticio_3-1024x682.jpg 1024w, https:\/\/www.tucomarca.com\/wordpress\/segunda\/wp-content\/uploads\/2022\/06\/Cheste_Solsticio_3-300x200.jpg 300w, https:\/\/www.tucomarca.com\/wordpress\/segunda\/wp-content\/uploads\/2022\/06\/Cheste_Solsticio_3-768x512.jpg 768w, https:\/\/www.tucomarca.com\/wordpress\/segunda\/wp-content\/uploads\/2022\/06\/Cheste_Solsticio_3.jpg 1181w\" sizes=\"auto, (max-width: 1024px) 100vw, 1024px\" \/><\/figure><\/li><li class=\"blocks-gallery-item\"><figure><img loading=\"lazy\" decoding=\"async\" width=\"1024\" height=\"682\" src=\"https:\/\/www.tucomarca.com\/wordpress\/segunda\/wp-content\/uploads\/2022\/06\/Cheste_Solsticio_4-1024x682.jpg\" alt=\"\" data-id=\"160352\" data-full-url=\"https:\/\/www.tucomarca.com\/wordpress\/segunda\/wp-content\/uploads\/2022\/06\/Cheste_Solsticio_4.jpg\" data-link=\"https:\/\/www.tucomarca.com\/wordpress\/segunda\/?attachment_id=160352\" class=\"wp-image-160352\" srcset=\"https:\/\/www.tucomarca.com\/wordpress\/segunda\/wp-content\/uploads\/2022\/06\/Cheste_Solsticio_4-1024x682.jpg 1024w, https:\/\/www.tucomarca.com\/wordpress\/segunda\/wp-content\/uploads\/2022\/06\/Cheste_Solsticio_4-300x200.jpg 300w, https:\/\/www.tucomarca.com\/wordpress\/segunda\/wp-content\/uploads\/2022\/06\/Cheste_Solsticio_4-768x512.jpg 768w, https:\/\/www.tucomarca.com\/wordpress\/segunda\/wp-content\/uploads\/2022\/06\/Cheste_Solsticio_4.jpg 1181w\" sizes=\"auto, (max-width: 1024px) 100vw, 1024px\" \/><\/figure><\/li><li class=\"blocks-gallery-item\"><figure><img loading=\"lazy\" decoding=\"async\" width=\"1024\" height=\"682\" src=\"https:\/\/www.tucomarca.com\/wordpress\/segunda\/wp-content\/uploads\/2022\/06\/Cheste_Solsticio_2-1024x682.jpg\" alt=\"\" data-id=\"160348\" data-full-url=\"https:\/\/www.tucomarca.com\/wordpress\/segunda\/wp-content\/uploads\/2022\/06\/Cheste_Solsticio_2.jpg\" data-link=\"https:\/\/www.tucomarca.com\/wordpress\/segunda\/?attachment_id=160348\" class=\"wp-image-160348\" srcset=\"https:\/\/www.tucomarca.com\/wordpress\/segunda\/wp-content\/uploads\/2022\/06\/Cheste_Solsticio_2-1024x682.jpg 1024w, https:\/\/www.tucomarca.com\/wordpress\/segunda\/wp-content\/uploads\/2022\/06\/Cheste_Solsticio_2-300x200.jpg 300w, https:\/\/www.tucomarca.com\/wordpress\/segunda\/wp-content\/uploads\/2022\/06\/Cheste_Solsticio_2-768x512.jpg 768w, https:\/\/www.tucomarca.com\/wordpress\/segunda\/wp-content\/uploads\/2022\/06\/Cheste_Solsticio_2.jpg 1181w\" sizes=\"auto, (max-width: 1024px) 100vw, 1024px\" \/><\/figure><\/li><li class=\"blocks-gallery-item\"><figure><img loading=\"lazy\" decoding=\"async\" width=\"1024\" height=\"682\" src=\"https:\/\/www.tucomarca.com\/wordpress\/segunda\/wp-content\/uploads\/2022\/06\/Cheste_Solsticio_5-1024x682.jpg\" alt=\"\" data-id=\"160354\" data-full-url=\"https:\/\/www.tucomarca.com\/wordpress\/segunda\/wp-content\/uploads\/2022\/06\/Cheste_Solsticio_5.jpg\" data-link=\"https:\/\/www.tucomarca.com\/wordpress\/segunda\/?attachment_id=160354\" class=\"wp-image-160354\" srcset=\"https:\/\/www.tucomarca.com\/wordpress\/segunda\/wp-content\/uploads\/2022\/06\/Cheste_Solsticio_5-1024x682.jpg 1024w, https:\/\/www.tucomarca.com\/wordpress\/segunda\/wp-content\/uploads\/2022\/06\/Cheste_Solsticio_5-300x200.jpg 300w, https:\/\/www.tucomarca.com\/wordpress\/segunda\/wp-content\/uploads\/2022\/06\/Cheste_Solsticio_5-768x512.jpg 768w, https:\/\/www.tucomarca.com\/wordpress\/segunda\/wp-content\/uploads\/2022\/06\/Cheste_Solsticio_5.jpg 1181w\" sizes=\"auto, (max-width: 1024px) 100vw, 1024px\" \/><\/figure><\/li><\/ul><\/figure>\n","protected":false},"excerpt":{"rendered":"<div class=\"mh-excerpt\">El pasado s\u00e1bado, 25 de junio, el Parque de la Lomiquia acogi\u00f3 un evento de bienvenida al verano bajo el t\u00edtulo \u201cCelebrando el Solsticio, disfrutando la vida\u201d, organizado desde la concejal\u00eda de Medio Ambiente. Desde <a class=\"mh-excerpt-more\" href=\"https:\/\/www.tucomarca.com\/wordpress\/segunda\/el-evento-celebrando-el-solsticio-disfrutando-la-vida-recibe-a-decenas-de-participantes-en-su-primera-edicion\/\" title=\"El evento \u201cCelebrando el solsticio, disfrutando la vida\u201d recibe a decenas de participantes en su primera edici\u00f3n\">[+] <\/a><\/div>\n","protected":false},"author":12,"featured_media":160346,"comment_status":"open","ping_status":"open","sticky":false,"template":"","format":"gallery","meta":{"footnotes":""},"categories":[17,8,10,7,3],"tags":[17452,339,5952],"class_list":{"0":"post-160344","1":"post","2":"type-post","3":"status-publish","4":"format-gallery","5":"has-post-thumbnail","7":"category-cheste","8":"category-la-comarca","9":"category-la-hoya","10":"category-ocio-y-cultura","11":"category-seccion","12":"tag-celebrando-el-solsticio","13":"tag-cheste-2","14":"tag-la-hoya-de-bunol-chiva","15":"post_format-post-format-gallery"},"_links":{"self":[{"href":"https:\/\/www.tucomarca.com\/wordpress\/segunda\/wp-json\/wp\/v2\/posts\/160344","targetHints":{"allow":["GET"]}}],"collection":[{"href":"https:\/\/www.tucomarca.com\/wordpress\/segunda\/wp-json\/wp\/v2\/posts"}],"about":[{"href":"https:\/\/www.tucomarca.com\/wordpress\/segunda\/wp-json\/wp\/v2\/types\/post"}],"author":[{"embeddable":true,"href":"https:\/\/www.tucomarca.com\/wordpress\/segunda\/wp-json\/wp\/v2\/users\/12"}],"replies":[{"embeddable":true,"href":"https:\/\/www.tucomarca.com\/wordpress\/segunda\/wp-json\/wp\/v2\/comments?post=160344"}],"version-history":[{"count":0,"href":"https:\/\/www.tucomarca.com\/wordpress\/segunda\/wp-json\/wp\/v2\/posts\/160344\/revisions"}],"wp:featuredmedia":[{"embeddable":true,"href":"https:\/\/www.tucomarca.com\/wordpress\/segunda\/wp-json\/wp\/v2\/media\/160346"}],"wp:attachment":[{"href":"https:\/\/www.tucomarca.com\/wordpress\/segunda\/wp-json\/wp\/v2\/media?parent=160344"}],"wp:term":[{"taxonomy":"category","embeddable":true,"href":"https:\/\/www.tucomarca.com\/wordpress\/segunda\/wp-json\/wp\/v2\/categories?post=160344"},{"taxonomy":"post_tag","embeddable":true,"href":"https:\/\/www.tucomarca.com\/wordpress\/segunda\/wp-json\/wp\/v2\/tags?post=160344"}],"curies":[{"name":"wp","href":"https:\/\/api.w.org\/{rel}","templated":true}]}}