{"id":160358,"date":"2022-06-27T17:00:00","date_gmt":"2022-06-27T15:00:00","guid":{"rendered":"http:\/\/www.tucomarca.com\/wordpress\/segunda\/?p=160358"},"modified":"2022-06-28T13:49:06","modified_gmt":"2022-06-28T11:49:06","slug":"la-tomatina-volvera-a-tenir-de-rojo-bunol-el-31-de-agosto-con-un-aforo-de-22-000-participantes-en-su-edicion-mas-deseada","status":"publish","type":"post","link":"https:\/\/www.tucomarca.com\/wordpress\/segunda\/la-tomatina-volvera-a-tenir-de-rojo-bunol-el-31-de-agosto-con-un-aforo-de-22-000-participantes-en-su-edicion-mas-deseada\/","title":{"rendered":"La Tomatina volver\u00e1 a te\u00f1ir de rojo Bu\u00f1ol el 31 de agosto con un aforo de 22.000 participantes en su edici\u00f3n m\u00e1s deseada"},"content":{"rendered":"\n<h4 class=\"wp-block-heading\">La vuelta a la normalidad de la emblem\u00e1tica fiesta coincide con dos grandes hitos, su edici\u00f3n n\u00famero 75 y la celebraci\u00f3n de 20 a\u00f1os como Fiesta de Inter\u00e9s Tur\u00edstico Internacional, por lo que el programa incluir\u00e1 m\u00faltiples novedades y sorpresas para todos los p\u00fablicos.<\/h4>\n\n\n\n<h4 class=\"wp-block-heading\">Se han puesto a la venta 15.000 entradas, a trav\u00e9s de agencias de viaje y de la web oficial, y se han reservado otras 5.000 para la compra directa.&nbsp;<\/h4>\n\n\n\n<h4 class=\"wp-block-heading\">Con el lema \u2018No te la puedes perder\u2019, el Ayuntamiento de Bu\u00f1ol prev\u00e9 que La Tomatina de 2022 tenga especial participaci\u00f3n de visitantes nacionales.<\/h4>\n\n\n\n<h4 class=\"wp-block-heading\">La Tomatina Infantil se celebrar\u00e1 el s\u00e1bado 27 de agosto.<\/h4>\n\n\n\n<p>Las calles de Bu\u00f1ol volver\u00e1n a te\u00f1irse de rojo el \u00faltimo mi\u00e9rcoles del mes de agosto con la celebraci\u00f3n de La Tomatina. La batalla de tomates m\u00e1s c\u00e9lebre del mundo recupera la normalidad, tras dos a\u00f1os de par\u00f3n por las restricciones impuestas por la pandemia, y lo hace a lo grande: celebrando su 75 edici\u00f3n y 20 a\u00f1os como Fiesta de Inter\u00e9s Tur\u00edstico Internacional. Dos hitos se\u00f1alados por los que el Ayuntamiento del municipio planea una gran celebraci\u00f3n.<\/p>\n\n\n\n<p>\u201cEl lema de La Tomatina es este a\u00f1o \u2018No te la puedes perder\u2019. Celebramos no solo la recuperaci\u00f3n de nuestra fiesta m\u00e1s emblem\u00e1tica y uno de los principales eventos tur\u00edsticos de la Comunitat Valenciana, sino, tambi\u00e9n, la superaci\u00f3n de la pandemia y de todo lo que ha implicado. Por ello, estamos trabajando para que la cita de 2022 sea doblemente especial para todas las personas\u201d, subraya Juncal Carrascosa, alcaldesa de Bu\u00f1ol.<\/p>\n\n\n\n<p>Entre las m\u00faltiples novedades previstas, est\u00e1n \u201czona de aguas, ambiente musical en el recinto de la Tomatina y alguna otra sorpresa m\u00e1s\u201d, apunta la concejal de Turismo y Tomatina, Mar\u00eda Vall\u00e9s.<\/p>\n\n\n\n<p>El consistorio ha puesto a la venta 15.000 entradas, que pueden adquirirse a trav\u00e9s de touroperadores, agencias de viaje y en la web oficial del evento www.latomatina.info, a un precio de 12 euros. Adem\u00e1s, se habilitar\u00e1 la venta directa de 5.000 entradas, destinadas, en su mayor parte, a las y los vecinos de Bu\u00f1ol.&nbsp;<\/p>\n\n\n\n<p>La cita es el 31 de agosto, <strong>a las 12 horas, <\/strong>y transcurrir\u00e1 por el recorrido habitual: las calles San Luis, Cid, la Plaza Layana y la Plaza del Pueblo, donde culminar\u00e1 a las <strong>13 horas<\/strong> con la traca final.<\/p>\n\n\n\n<p>El evento cuenta con un completo plan de seguridad, incluido el estricto control del aforo, validado en los \u00faltimos a\u00f1os y que en 2022 se ver\u00e1 reforzado. \u201cBu\u00f1ol est\u00e1 preparada por si se plantea alguna circunstancia que haga necesario limitar aforos y poner alguna medida extra\u00bb, afirma Carrascosa.&nbsp;<\/p>\n\n\n\n<p>En este sentido, la previsi\u00f3n del consistorio es que las limitaciones a desplazamientos que a\u00fan rigen en algunos pa\u00edses propicien la celebraci\u00f3n de La Tomatina \u201cm\u00e1s nacional\u201d de las \u00faltimas d\u00e9cadas.&nbsp;<\/p>\n\n\n\n<p>\u201cM\u00e1s de la mitad de las personas participantes en la batalla en los \u00faltimos a\u00f1os han procedido de pa\u00edses de todo el mundo, desde Asia a Estados Unidos, Latinoam\u00e9rica, Europa o Austria, consolid\u00e1ndose como uno de los eventos m\u00e1s emblem\u00e1ticos de la Comunitat, de los que m\u00e1s han contribuido a su proyecci\u00f3n y marca tur\u00edstica a nivel internacional. Este a\u00f1o, creemos que la presencia local y nacional ser\u00e1 mayoritaria\u201d, se\u00f1ala Mar\u00eda Vall\u00e9s.<\/p>\n\n\n\n<p>En l\u00ednea con este nuevo contexto, se va a llevar a cabo una campa\u00f1a de difusi\u00f3n y promoci\u00f3n junto la Agencia Valenciana de Turisme (organismo dependiente de la Generalitat Valenciana) y Valencia Turisme (Diputaci\u00f3 de Valencia) para atraer a este perfil de turista m\u00e1s cercano.<\/p>\n\n\n\n<p><strong>Una fiesta universal y diversa<\/strong><\/p>\n\n\n\n<p>El s\u00e1bado 27 de agosto se celebrar\u00e1, en la Plaza del Pueblo, La Tomatina Infantil, abierta a la participaci\u00f3n de ni\u00f1as y ni\u00f1os de entre 4 y 14 a\u00f1os.<\/p>\n\n\n\n<p>Y, para aquellas personas amantes de La Tomatina que no puedan desplazarse hasta Bu\u00f1ol, Vall\u00e9s recuerda que pueden disfrutar de &#8216;La Tomatina VR Experience&#8217;, un juego de realidad virtual interactivo que, con el soporte de un visor Oculus Quest, permite participar en una batalla tridimensional de tomates, que el jugador debe lanzar y esquivar, sumergi\u00e9ndose en el ambiente del evento, gracias a sus elementos m\u00e1s caracter\u00edsticos, como el agua desde los balcones, los camiones, la m\u00fasica, los cantos y el bullicio, dejando espacio a varias sorpresas para el participante.&nbsp;<\/p>\n\n\n\n<p>Una propuesta que permite a personas de todos los perfiles y condiciones, disfrutar de las sensaciones de la fiesta, \u201ccon car\u00e1cter atemporal, inclusivo y de manera asequible\u201d, destaca.<\/p>\n","protected":false},"excerpt":{"rendered":"<div class=\"mh-excerpt\">La vuelta a la normalidad de la emblem\u00e1tica fiesta coincide con dos grandes hitos, su edici\u00f3n n\u00famero 75 y la celebraci\u00f3n de 20 a\u00f1os como Fiesta de Inter\u00e9s Tur\u00edstico Internacional, por lo que el programa <a class=\"mh-excerpt-more\" href=\"https:\/\/www.tucomarca.com\/wordpress\/segunda\/la-tomatina-volvera-a-tenir-de-rojo-bunol-el-31-de-agosto-con-un-aforo-de-22-000-participantes-en-su-edicion-mas-deseada\/\" title=\"La Tomatina volver\u00e1 a te\u00f1ir de rojo Bu\u00f1ol el 31 de agosto con un aforo de 22.000 participantes en su edici\u00f3n m\u00e1s deseada\">[+] <\/a><\/div>\n","protected":false},"author":1,"featured_media":112025,"comment_status":"open","ping_status":"open","sticky":false,"template":"","format":"standard","meta":{"footnotes":""},"categories":[18,8,72,10,7,3],"tags":[10384,5952,7689,96],"class_list":{"0":"post-160358","1":"post","2":"type-post","3":"status-publish","4":"format-standard","5":"has-post-thumbnail","7":"category-bunol","8":"category-la-comarca","9":"category-sin-categorizar","10":"category-la-hoya","11":"category-ocio-y-cultura","12":"category-seccion","13":"tag-chiva","14":"tag-la-hoya-de-bunol-chiva","15":"tag-la-tomatina","16":"tag-tomatina"},"_links":{"self":[{"href":"https:\/\/www.tucomarca.com\/wordpress\/segunda\/wp-json\/wp\/v2\/posts\/160358","targetHints":{"allow":["GET"]}}],"collection":[{"href":"https:\/\/www.tucomarca.com\/wordpress\/segunda\/wp-json\/wp\/v2\/posts"}],"about":[{"href":"https:\/\/www.tucomarca.com\/wordpress\/segunda\/wp-json\/wp\/v2\/types\/post"}],"author":[{"embeddable":true,"href":"https:\/\/www.tucomarca.com\/wordpress\/segunda\/wp-json\/wp\/v2\/users\/1"}],"replies":[{"embeddable":true,"href":"https:\/\/www.tucomarca.com\/wordpress\/segunda\/wp-json\/wp\/v2\/comments?post=160358"}],"version-history":[{"count":0,"href":"https:\/\/www.tucomarca.com\/wordpress\/segunda\/wp-json\/wp\/v2\/posts\/160358\/revisions"}],"wp:featuredmedia":[{"embeddable":true,"href":"https:\/\/www.tucomarca.com\/wordpress\/segunda\/wp-json\/wp\/v2\/media\/112025"}],"wp:attachment":[{"href":"https:\/\/www.tucomarca.com\/wordpress\/segunda\/wp-json\/wp\/v2\/media?parent=160358"}],"wp:term":[{"taxonomy":"category","embeddable":true,"href":"https:\/\/www.tucomarca.com\/wordpress\/segunda\/wp-json\/wp\/v2\/categories?post=160358"},{"taxonomy":"post_tag","embeddable":true,"href":"https:\/\/www.tucomarca.com\/wordpress\/segunda\/wp-json\/wp\/v2\/tags?post=160358"}],"curies":[{"name":"wp","href":"https:\/\/api.w.org\/{rel}","templated":true}]}}