{"id":160366,"date":"2022-06-28T14:05:00","date_gmt":"2022-06-28T12:05:00","guid":{"rendered":"http:\/\/www.tucomarca.com\/wordpress\/segunda\/?p=160366"},"modified":"2022-06-28T15:00:44","modified_gmt":"2022-06-28T13:00:44","slug":"el-gobierno-de-bunol-defiende-en-el-pleno-las-inversiones-por-mas-de-300-000-euros-realizadas-en-el-barrio-del-castillo","status":"publish","type":"post","link":"https:\/\/www.tucomarca.com\/wordpress\/segunda\/el-gobierno-de-bunol-defiende-en-el-pleno-las-inversiones-por-mas-de-300-000-euros-realizadas-en-el-barrio-del-castillo\/","title":{"rendered":"El Gobierno de Bu\u00f1ol defiende en el pleno las inversiones por m\u00e1s de 300.000 euros realizadas en el barrio del Castillo"},"content":{"rendered":"\n<h4 class=\"wp-block-heading\">El pleno del Ayuntamiento de Bu\u00f1ol aprob\u00f3 en la tarde de ayer incrementar las actuaciones e inversiones en el barrio del Castillo del municipio.<\/h4>\n\n\n\n<p>El Gobierno local defendi\u00f3 las inversiones, superiores a 300.000 euros, realizadas en esta legislatura en la zona. Unas inversiones encabezadas por los 160.000 euros de la reforma de la Calle Casta\u00f1os, los 80.000 euros invertidos en la torre del castillo, la adquisici\u00f3n de dos viviendas por valor de 60.000 euros, o la intervenci\u00f3n en la Iglesia del Salvador para evitar desprendimientos.<\/p>\n\n\n\n<p>Adem\u00e1s, el edil Rafa P\u00e9rez asegur\u00f3 que con la aprobaci\u00f3n del Plan Director se podr\u00e1n acometer m\u00e1s inversiones al tener una hoja de ruta, pero que la Generalitat Valenciana lo tiene paralizado, aunque se espera que lo apruebe en los pr\u00f3ximos meses.<\/p>\n\n\n\n<p>Este apoyo a las inversiones en el castillo, aprobada por unanimidad por todos los grupos pol\u00edticos, lleg\u00f3 a trav\u00e9s de una reivindicaci\u00f3n de la asociaci\u00f3n de vecinos de la zona, quienes reclaman mejoras, a trav\u00e9s de una moci\u00f3n de IAB. Como asegur\u00f3 el portavoz del PSOE, Manuel Sierra, \u201csiempre se han atendido las peticiones de los vecinos, y vamos a pelear por incrementar las inversiones en el presupuesto del pr\u00f3ximo a\u00f1o\u201d.<\/p>\n\n\n\n<p><strong>Otros puntos<\/strong><\/p>\n\n\n\n<p>Tambi\u00e9n se aprob\u00f3 en el pleno que el Ayuntamiento de Bu\u00f1ol se persone en el contencioso administrativo plantead por un sindicato por la situaci\u00f3n de un conserje. Juncal Carrascosa defendi\u00f3 que \u201ces una reivindicaci\u00f3n hist\u00f3rica el tener un conserje en el instituto viejo, que se une a los que tenemos en los colegios, lo que ha permitido que las personas de la brigada que ejerc\u00edan esa labor hayan vuelto a la brigada\u201d, y a\u00f1adi\u00f3 que \u201ccon la bolsa creada se ha podido emplear a los tres conserjes necesarios\u201d.<\/p>\n\n\n\n<p>El punto se aprob\u00f3 con los votos a favor de PSOE, IU y Podemos, y el voto en contra de IAB y PP.<\/p>\n\n\n\n<p>Adem\u00e1s, se aprob\u00f3 por unanimidad la ordenanza reguladora del precio p\u00fablico por actividades culturales y festivas, y se design\u00f3 a la edil Mireia Parla como representante del consistorio bu\u00f1olense en la Comisi\u00f3n de selecci\u00f3n de Premios de la Mancomunidad Intermunicipal Hoya de Bu\u00f1ol-Chiva.&nbsp;<\/p>\n\n\n\n<p>El PP present\u00f3 dos mociones. La primera relativa a solicitud de la inclusi\u00f3n de Bu\u00f1ol dentro de los municipios beneficiarios de la Tarjeta SUMA. Juncal Carrascosa defendi\u00f3 que ya se hab\u00edan hecho gestiones ante la Conselleria responsable y que se conf\u00eda en que en los pr\u00f3ximos meses se incluya a la comarca en esta tarjeta de transporte p\u00fablico que tiene importantes descuentos.<\/p>\n\n\n\n<p>El punto sali\u00f3 adelante con el voto a favor de PP, IAB, IU y Podemos, y la abstenci\u00f3n del PSOE, que defendi\u00f3 que no se pod\u00eda apoyar una actuaci\u00f3n que ya estaba hecha.<\/p>\n\n\n\n<p>La segunda de las mociones del PP solicitaba la adhesi\u00f3n al comunicado que Aulolia (Asociaci\u00f3n de profesorado de m\u00fasica primaria y secundaria de la Comunidad Valenciana) ha elaborado junto con el soporte de la FSMCV en defensa de la educaci\u00f3n musical para que la asignatura de m\u00fasica siga siendo obligatoria en 3\u00ba de la ESO.<\/p>\n\n\n\n<p>El punto sali\u00f3 adelante con los votos a favor del PP, y la abstenci\u00f3n de PSOE, IU y Podemos, que defendieron que no se iban a oponer pero que era una moci\u00f3n que nac\u00eda de una posibilidad, no de algo concreto impulsado por la Conselleria de Educaci\u00f3n.<\/p>\n","protected":false},"excerpt":{"rendered":"<div class=\"mh-excerpt\">El pleno del Ayuntamiento de Bu\u00f1ol aprob\u00f3 en la tarde de ayer incrementar las actuaciones e inversiones en el barrio del Castillo del municipio. El Gobierno local defendi\u00f3 las inversiones, superiores a 300.000 euros, realizadas <a class=\"mh-excerpt-more\" href=\"https:\/\/www.tucomarca.com\/wordpress\/segunda\/el-gobierno-de-bunol-defiende-en-el-pleno-las-inversiones-por-mas-de-300-000-euros-realizadas-en-el-barrio-del-castillo\/\" title=\"El Gobierno de Bu\u00f1ol defiende en el pleno las inversiones por m\u00e1s de 300.000 euros realizadas en el barrio del Castillo\">[+] <\/a><\/div>\n","protected":false},"author":12,"featured_media":160387,"comment_status":"open","ping_status":"open","sticky":false,"template":"","format":"standard","meta":{"footnotes":""},"categories":[18,128,8,10,142,3],"tags":[5335,10385,5952,14226],"class_list":{"0":"post-160366","1":"post","2":"type-post","3":"status-publish","4":"format-standard","5":"has-post-thumbnail","7":"category-bunol","8":"category-infraestructuras","9":"category-la-comarca","10":"category-la-hoya","11":"category-politica-la-comarca","12":"category-seccion","13":"tag-ayuntamiento-de-bunol","14":"tag-bunol","15":"tag-la-hoya-de-bunol-chiva","16":"tag-pleno-de-bunol"},"_links":{"self":[{"href":"https:\/\/www.tucomarca.com\/wordpress\/segunda\/wp-json\/wp\/v2\/posts\/160366","targetHints":{"allow":["GET"]}}],"collection":[{"href":"https:\/\/www.tucomarca.com\/wordpress\/segunda\/wp-json\/wp\/v2\/posts"}],"about":[{"href":"https:\/\/www.tucomarca.com\/wordpress\/segunda\/wp-json\/wp\/v2\/types\/post"}],"author":[{"embeddable":true,"href":"https:\/\/www.tucomarca.com\/wordpress\/segunda\/wp-json\/wp\/v2\/users\/12"}],"replies":[{"embeddable":true,"href":"https:\/\/www.tucomarca.com\/wordpress\/segunda\/wp-json\/wp\/v2\/comments?post=160366"}],"version-history":[{"count":0,"href":"https:\/\/www.tucomarca.com\/wordpress\/segunda\/wp-json\/wp\/v2\/posts\/160366\/revisions"}],"wp:featuredmedia":[{"embeddable":true,"href":"https:\/\/www.tucomarca.com\/wordpress\/segunda\/wp-json\/wp\/v2\/media\/160387"}],"wp:attachment":[{"href":"https:\/\/www.tucomarca.com\/wordpress\/segunda\/wp-json\/wp\/v2\/media?parent=160366"}],"wp:term":[{"taxonomy":"category","embeddable":true,"href":"https:\/\/www.tucomarca.com\/wordpress\/segunda\/wp-json\/wp\/v2\/categories?post=160366"},{"taxonomy":"post_tag","embeddable":true,"href":"https:\/\/www.tucomarca.com\/wordpress\/segunda\/wp-json\/wp\/v2\/tags?post=160366"}],"curies":[{"name":"wp","href":"https:\/\/api.w.org\/{rel}","templated":true}]}}