{"id":160369,"date":"2022-06-27T21:00:00","date_gmt":"2022-06-27T19:00:00","guid":{"rendered":"http:\/\/www.tucomarca.com\/wordpress\/segunda\/?p=160369"},"modified":"2022-06-28T14:25:31","modified_gmt":"2022-06-28T12:25:31","slug":"mompo-el-unico-secreto-para-ganar-las-elecciones-en-2023-es-trabajar-con-humildad","status":"publish","type":"post","link":"https:\/\/www.tucomarca.com\/wordpress\/segunda\/mompo-el-unico-secreto-para-ganar-las-elecciones-en-2023-es-trabajar-con-humildad\/","title":{"rendered":"Momp\u00f3: \u201cEl \u00fanico secreto para ganar las elecciones en 2023 es trabajar con humildad\u201d"},"content":{"rendered":"\n<p><strong>El PP provincial celebra una jornada de formaci\u00f3n en Requena, centrada en el municipalismo, los fondos europeos, el marketing y la comunicaci\u00f3n.<\/strong><\/p>\n\n\n\n<figure class=\"wp-block-image size-large\"><img loading=\"lazy\" decoding=\"async\" width=\"768\" height=\"1024\" src=\"https:\/\/www.tucomarca.com\/wordpress\/segunda\/wp-content\/uploads\/2022\/06\/MompoRequena.jpg\" alt=\"\" class=\"wp-image-160370\" srcset=\"https:\/\/www.tucomarca.com\/wordpress\/segunda\/wp-content\/uploads\/2022\/06\/MompoRequena.jpg 768w, https:\/\/www.tucomarca.com\/wordpress\/segunda\/wp-content\/uploads\/2022\/06\/MompoRequena-225x300.jpg 225w\" sizes=\"auto, (max-width: 768px) 100vw, 768px\" \/><\/figure>\n\n\n\n<p>\u201cEl \u00fanico secreto para ganar las elecciones en 2023 es trabajar con humildad. Estamos centrados en ese objetivo. La cuenta atr\u00e1s ha comenzado\u201d, ha declarado el presidente del Partido Popular en la provincia de Valencia, Vicente Momp\u00f3, durante su intervenci\u00f3n en las jornadas de formaci\u00f3n y l\u00fadicas celebradas en Requena el pasado s\u00e1bado, a las que han asistido un centenar de integrantes del PP de las diferentes comarcas de la provincia.<\/p>\n\n\n\n<p>\u201cLa formaci\u00f3n es uno de los pilares de nuestro trabajo y debemos llegar a 2023 con la mejor preparaci\u00f3n posible, nuestro objetivo es gobernar y sacar a la provincia de Valencia del yugo de las pol\u00edticas del Bot\u00e0nic\u201d, ha declarado Momp\u00f3.<\/p>\n\n\n\n<p>En esta l\u00ednea, el presidente de los populares en Valencia, ha destacado que \u201cel camino a seguir es el del buen trabajo realizado en Castilla y Le\u00f3n Andaluc\u00eda y Madrid, donde la gesti\u00f3n del Partido Popular ha hecho que las personas conf\u00eden en nuestras propuestas de gesti\u00f3n\u201d.<\/p>\n\n\n\n<p>\u201cDebemos trabajar para devolver la ilusi\u00f3n a unos votantes que necesitan una alternativa s\u00f3lida y moderada que se dedique a solucionar problemas y a hacer la vida m\u00e1s f\u00e1cil a la gente. Tenemos que recorrer nuestros pueblos y hablar cada uno de sus vecinos. El objetivo es que nos conozcan personalmente y que conozcan el programa del Partido Popular\u201d, ha explicado Momp\u00f3 durante su intervenci\u00f3n en las jornadas.<\/p>\n\n\n\n<p>En las ponencias han participado expertos en fondos europeos, marketing y comunicaci\u00f3n, adem\u00e1s de los alcaldes populares en Benavites, Carlos Gil y Juan Ram\u00f3n Adsuara, de Alfafar, que han hablado de municipalismo.<\/p>\n\n\n\n<p>Para concluir, el presidente popular ha recordado que \u201ccada vez somos m\u00e1s las personas que exigimos un cambio que debe venir con las manos llenas de soluciones para los ciudadanos, para los aut\u00f3nomos, las pymes, nuestros agricultores\u2026para todos\u201d.<\/p>\n\n\n\n<figure class=\"wp-block-image size-large\"><img loading=\"lazy\" decoding=\"async\" width=\"1024\" height=\"539\" src=\"https:\/\/www.tucomarca.com\/wordpress\/segunda\/wp-content\/uploads\/2022\/06\/MompoRequena2-1024x539.jpg\" alt=\"\" class=\"wp-image-160372\" srcset=\"https:\/\/www.tucomarca.com\/wordpress\/segunda\/wp-content\/uploads\/2022\/06\/MompoRequena2-1024x539.jpg 1024w, https:\/\/www.tucomarca.com\/wordpress\/segunda\/wp-content\/uploads\/2022\/06\/MompoRequena2-300x158.jpg 300w, https:\/\/www.tucomarca.com\/wordpress\/segunda\/wp-content\/uploads\/2022\/06\/MompoRequena2-768x404.jpg 768w, https:\/\/www.tucomarca.com\/wordpress\/segunda\/wp-content\/uploads\/2022\/06\/MompoRequena2-1536x808.jpg 1536w, https:\/\/www.tucomarca.com\/wordpress\/segunda\/wp-content\/uploads\/2022\/06\/MompoRequena2.jpg 1600w\" sizes=\"auto, (max-width: 1024px) 100vw, 1024px\" \/><\/figure>\n","protected":false},"excerpt":{"rendered":"<div class=\"mh-excerpt\">El PP provincial celebra una jornada de formaci\u00f3n en Requena, centrada en el municipalismo, los fondos europeos, el marketing y la comunicaci\u00f3n. \u201cEl \u00fanico secreto para ganar las elecciones en 2023 es trabajar con humildad. <a class=\"mh-excerpt-more\" href=\"https:\/\/www.tucomarca.com\/wordpress\/segunda\/mompo-el-unico-secreto-para-ganar-las-elecciones-en-2023-es-trabajar-con-humildad\/\" title=\"Momp\u00f3: \u201cEl \u00fanico secreto para ganar las elecciones en 2023 es trabajar con humildad\u201d\">[+] <\/a><\/div>\n","protected":false},"author":1,"featured_media":160372,"comment_status":"open","ping_status":"open","sticky":false,"template":"","format":"standard","meta":{"footnotes":""},"categories":[128,8,142,28,27,3,45],"tags":[7279,16654,10387],"class_list":{"0":"post-160369","1":"post","2":"type-post","3":"status-publish","4":"format-standard","5":"has-post-thumbnail","7":"category-infraestructuras","8":"category-la-comarca","9":"category-politica-la-comarca","10":"category-requena","11":"category-requena-utiel","12":"category-seccion","13":"category-ventana","14":"tag-partido-popular","15":"tag-pp-de-requena","16":"tag-requena-utiel"},"_links":{"self":[{"href":"https:\/\/www.tucomarca.com\/wordpress\/segunda\/wp-json\/wp\/v2\/posts\/160369","targetHints":{"allow":["GET"]}}],"collection":[{"href":"https:\/\/www.tucomarca.com\/wordpress\/segunda\/wp-json\/wp\/v2\/posts"}],"about":[{"href":"https:\/\/www.tucomarca.com\/wordpress\/segunda\/wp-json\/wp\/v2\/types\/post"}],"author":[{"embeddable":true,"href":"https:\/\/www.tucomarca.com\/wordpress\/segunda\/wp-json\/wp\/v2\/users\/1"}],"replies":[{"embeddable":true,"href":"https:\/\/www.tucomarca.com\/wordpress\/segunda\/wp-json\/wp\/v2\/comments?post=160369"}],"version-history":[{"count":0,"href":"https:\/\/www.tucomarca.com\/wordpress\/segunda\/wp-json\/wp\/v2\/posts\/160369\/revisions"}],"wp:featuredmedia":[{"embeddable":true,"href":"https:\/\/www.tucomarca.com\/wordpress\/segunda\/wp-json\/wp\/v2\/media\/160372"}],"wp:attachment":[{"href":"https:\/\/www.tucomarca.com\/wordpress\/segunda\/wp-json\/wp\/v2\/media?parent=160369"}],"wp:term":[{"taxonomy":"category","embeddable":true,"href":"https:\/\/www.tucomarca.com\/wordpress\/segunda\/wp-json\/wp\/v2\/categories?post=160369"},{"taxonomy":"post_tag","embeddable":true,"href":"https:\/\/www.tucomarca.com\/wordpress\/segunda\/wp-json\/wp\/v2\/tags?post=160369"}],"curies":[{"name":"wp","href":"https:\/\/api.w.org\/{rel}","templated":true}]}}