{"id":160380,"date":"2022-06-28T09:01:00","date_gmt":"2022-06-28T07:01:00","guid":{"rendered":"http:\/\/www.tucomarca.com\/wordpress\/segunda\/?p=160380"},"modified":"2022-06-28T14:32:09","modified_gmt":"2022-06-28T12:32:09","slug":"el-departamento-de-salud-de-la-ribera-acoge-al-personal-de-enfermeria-de-nueva-incorporacion","status":"publish","type":"post","link":"https:\/\/www.tucomarca.com\/wordpress\/segunda\/el-departamento-de-salud-de-la-ribera-acoge-al-personal-de-enfermeria-de-nueva-incorporacion\/","title":{"rendered":"El Departamento de Salud de la Ribera acoge al personal de Enfermer\u00eda de nueva incorporaci\u00f3n"},"content":{"rendered":"\n<h4 class=\"wp-block-heading\">El objetivo del Curso de Acogida es el de formar, informar y orientar a los profesionales que pasar\u00e1n a formar parte de la plantilla durante el periodo estival, para facilitar su proceso de incorporaci\u00f3n<\/h4>\n\n\n\n<p>El Departamento de Salud de la Ribera ha celebrado su Curso de Acogida para los profesionales dependientes de la Direcci\u00f3n de Enfermer\u00eda que se incorporar\u00e1n tanto al Hospital de Alzira como a los centros de Atenci\u00f3n Primaria en los meses de verano.&nbsp;<\/p>\n\n\n\n<p>Con este Curso, que se ha celebrado en l\u00ednea, el Departamento de Salud de la Ribera pretende formar, informar y orientar a los enfermeros, t\u00e9cnicos de cuidados auxiliares de Enfermer\u00eda (TCAE), t\u00e9cnicos superiores, fisioterapeutas, matronas y celadores que pasar\u00e1n a formar parte de su plantilla durante el periodo estival, facilitando as\u00ed su proceso de incorporaci\u00f3n.&nbsp;<\/p>\n\n\n\n<p>De esta forma, de los 360 profesionales que se incorporan este verano, el 43% (153 profesionales) trabajar\u00e1 en el Departamento de Salud de la Ribera por primera vez, para quienes se ha dispuesto la realizaci\u00f3n de este Curso.&nbsp;<\/p>\n\n\n\n<p>As\u00ed, los asistentes han recibido informaci\u00f3n sobre aspectos como la cartera de servicios del Hospital de Alzira y de su Departamento de Salud, la prevenci\u00f3n de riesgos laborales, la calidad y la seguridad cl\u00ednica del paciente, las herramientas de comunicaci\u00f3n con las que cuentan y el funcionamiento de determinados servicios esenciales para su desarrollo profesional.<\/p>\n\n\n\n<p>Junto a ello, estos profesionales han tenido un primer contacto con el manejo de los sistemas inform\u00e1ticos del Hospital de Alzira; una formaci\u00f3n que completar\u00e1n durante las pr\u00f3ximas semanas con el aprendizaje del uso de la historia cl\u00ednica del centro hospitalario.<\/p>\n\n\n\n<p>La apertura del Curso ha ido a cargo de los directores de Enfermer\u00eda del Hospital de Alzira y de Atenci\u00f3n Primaria del Departamento de Salud de la Ribera, Xavier Teodoro y Carlos Herrero, respectivamente.&nbsp;<\/p>\n","protected":false},"excerpt":{"rendered":"<div class=\"mh-excerpt\">El objetivo del Curso de Acogida es el de formar, informar y orientar a los profesionales que pasar\u00e1n a formar parte de la plantilla durante el periodo estival, para facilitar su proceso de incorporaci\u00f3n El <a class=\"mh-excerpt-more\" href=\"https:\/\/www.tucomarca.com\/wordpress\/segunda\/el-departamento-de-salud-de-la-ribera-acoge-al-personal-de-enfermeria-de-nueva-incorporacion\/\" title=\"El Departamento de Salud de la Ribera acoge al personal de Enfermer\u00eda de nueva incorporaci\u00f3n\">[+] <\/a><\/div>\n","protected":false},"author":1,"featured_media":160381,"comment_status":"open","ping_status":"open","sticky":false,"template":"","format":"standard","meta":{"footnotes":""},"categories":[69,119,128,8,72,42,3],"tags":[10402,8694,3640],"class_list":{"0":"post-160380","1":"post","2":"type-post","3":"status-publish","4":"format-standard","5":"has-post-thumbnail","7":"category-alzira","8":"category-sanidad-la-comarca","9":"category-infraestructuras","10":"category-la-comarca","11":"category-sin-categorizar","12":"category-la-ribera","13":"category-seccion","14":"tag-alzira","15":"tag-hospital-de-la-ribera","16":"tag-la-ribera-alta"},"_links":{"self":[{"href":"https:\/\/www.tucomarca.com\/wordpress\/segunda\/wp-json\/wp\/v2\/posts\/160380","targetHints":{"allow":["GET"]}}],"collection":[{"href":"https:\/\/www.tucomarca.com\/wordpress\/segunda\/wp-json\/wp\/v2\/posts"}],"about":[{"href":"https:\/\/www.tucomarca.com\/wordpress\/segunda\/wp-json\/wp\/v2\/types\/post"}],"author":[{"embeddable":true,"href":"https:\/\/www.tucomarca.com\/wordpress\/segunda\/wp-json\/wp\/v2\/users\/1"}],"replies":[{"embeddable":true,"href":"https:\/\/www.tucomarca.com\/wordpress\/segunda\/wp-json\/wp\/v2\/comments?post=160380"}],"version-history":[{"count":0,"href":"https:\/\/www.tucomarca.com\/wordpress\/segunda\/wp-json\/wp\/v2\/posts\/160380\/revisions"}],"wp:featuredmedia":[{"embeddable":true,"href":"https:\/\/www.tucomarca.com\/wordpress\/segunda\/wp-json\/wp\/v2\/media\/160381"}],"wp:attachment":[{"href":"https:\/\/www.tucomarca.com\/wordpress\/segunda\/wp-json\/wp\/v2\/media?parent=160380"}],"wp:term":[{"taxonomy":"category","embeddable":true,"href":"https:\/\/www.tucomarca.com\/wordpress\/segunda\/wp-json\/wp\/v2\/categories?post=160380"},{"taxonomy":"post_tag","embeddable":true,"href":"https:\/\/www.tucomarca.com\/wordpress\/segunda\/wp-json\/wp\/v2\/tags?post=160380"}],"curies":[{"name":"wp","href":"https:\/\/api.w.org\/{rel}","templated":true}]}}