{"id":160393,"date":"2022-06-28T11:00:00","date_gmt":"2022-06-28T09:00:00","guid":{"rendered":"http:\/\/www.tucomarca.com\/wordpress\/segunda\/?p=160393"},"modified":"2022-06-28T15:04:07","modified_gmt":"2022-06-28T13:04:07","slug":"presidente-y-director-de-la-escuela-de-musica-y-de-la-banda-sinfonica-de-la-artistica-de-bunol-afrontan-con-ilusion-y-fuerza-un-futuro-esperanzador-tras-la-pandemia","status":"publish","type":"post","link":"https:\/\/www.tucomarca.com\/wordpress\/segunda\/presidente-y-director-de-la-escuela-de-musica-y-de-la-banda-sinfonica-de-la-artistica-de-bunol-afrontan-con-ilusion-y-fuerza-un-futuro-esperanzador-tras-la-pandemia\/","title":{"rendered":"Presidente y Director de la Escuela de M\u00fasica y de la Banda Sinf\u00f3nica de \u00abLa Art\u00edstica\u00bb de Bu\u00f1ol afrontan \u00abcon ilusi\u00f3n y fuerza\u00bb un futuro esperanzador tras la pandemia"},"content":{"rendered":"\n<p>Francisco Blasco, presidente de la SM La Art\u00edstica y a Mario Ortu\u00f1o, director de la Escuela de M\u00fasica y Danza \u201cLuis Ayll\u00f3n\u201d, de la Banda Sinf\u00f3nica y de la Orquesta de esta sociedad musical bu\u00f1olense han participado en una entrevista en los estudios de televisi\u00f3n de Radio Bu\u00f1ol TV.<\/p>\n\n\n\n<p>En casi media hora de duraci\u00f3n tanto presidente como director anunciaron proyectos futuros de esta sociedad, que al igual que el resto de sociedades musicales amateurs de la Comunidad Valenciana, ha sufrido numerosas consecuencias durante la pandemia de Covid19. \u201cA pesar de que han sido dos cursos lectivos muy complicados en nuestra sociedad siempre apostamos por la presencialidad y nunca dejamos de impartir clase. Se redujeron mucho los grupos, se ampliaron horarios, personal y disciplinas musicales para seguir ofreciendo una educaci\u00f3n musical de calidad\u201d, confirm\u00f3 Ortu\u00f1o.<\/p>\n\n\n\n<p>Por su parte Francisco Blasco incidi\u00f3 en el futuro que esta sociedad tiene por delante en la escuela de m\u00fasica y tambi\u00e9n en las agrupaciones musicales de la sociedad. \u201cEsperamos poder llevar a cabo todos los proyectos que tenemos en mente desde antes de la pandemia y que en tantas ocasiones nos ha tocado reinventarnos, echar marcha atr\u00e1s o aplazar muchos de ellos. Necesitamos volver a hacer sociedad, a juntarnos, a organizar conciertos, eventos, cursos, talleres \u2026 donde el alumnado y sus familias vuelvan a sentirse como parte important\u00edsima de la educaci\u00f3n musical y de nuestra sociedad\u201d, entend\u00eda el presidente de esta sociedad musical bu\u00f1olense.<\/p>\n\n\n\n<p>Por \u00faltimo, Mario Ortu\u00f1o confirm\u00f3 tener el programa del Mano a Mano 2022 preparado, \u201cya que llevo dos a\u00f1os trabajando en \u00e9l y con muchas ganas, ya que ser\u00e1 mi primer Mano a Mano como director de la Banda Sinf\u00f3nica de La Art\u00edstica puesto que llegu\u00e9 en octubre de 2019 y tan s\u00f3lo pude realizar conciertos y ensayos con todos los m\u00fasicos sin restricciones en Navidad pr\u00e1cticamente. Despu\u00e9s vino la pandemia y todos nuestros deseos y proyectos que ten\u00edamos para la Art\u00edstica han ido posterg\u00e1ndose. Espero ahora poder afrontar ya un futuro con ilusi\u00f3n y que alumnos, m\u00fasicos, profesores, familias \u2026 podamos seguir labrando un futuro brillante para esta sociedad musical\u201d, finaliz\u00f3.\u00a0<\/p>\n","protected":false},"excerpt":{"rendered":"<div class=\"mh-excerpt\">Francisco Blasco, presidente de la SM La Art\u00edstica y a Mario Ortu\u00f1o, director de la Escuela de M\u00fasica y Danza \u201cLuis Ayll\u00f3n\u201d, de la Banda Sinf\u00f3nica y de la Orquesta de esta sociedad musical bu\u00f1olense <a class=\"mh-excerpt-more\" href=\"https:\/\/www.tucomarca.com\/wordpress\/segunda\/presidente-y-director-de-la-escuela-de-musica-y-de-la-banda-sinfonica-de-la-artistica-de-bunol-afrontan-con-ilusion-y-fuerza-un-futuro-esperanzador-tras-la-pandemia\/\" title=\"Presidente y Director de la Escuela de M\u00fasica y de la Banda Sinf\u00f3nica de \u00abLa Art\u00edstica\u00bb de Bu\u00f1ol afrontan \u00abcon ilusi\u00f3n y fuerza\u00bb un futuro esperanzador tras la pandemia\">[+] <\/a><\/div>\n","protected":false},"author":12,"featured_media":160406,"comment_status":"open","ping_status":"open","sticky":false,"template":"","format":"standard","meta":{"footnotes":""},"categories":[18,66,8,10,7,3],"tags":[10385,5952,12138,10559],"class_list":{"0":"post-160393","1":"post","2":"type-post","3":"status-publish","4":"format-standard","5":"has-post-thumbnail","7":"category-bunol","8":"category-musica","9":"category-la-comarca","10":"category-la-hoya","11":"category-ocio-y-cultura","12":"category-seccion","13":"tag-bunol","14":"tag-la-hoya-de-bunol-chiva","15":"tag-radio-bunol-tv","16":"tag-sm-la-artistica-de-bunol"},"_links":{"self":[{"href":"https:\/\/www.tucomarca.com\/wordpress\/segunda\/wp-json\/wp\/v2\/posts\/160393","targetHints":{"allow":["GET"]}}],"collection":[{"href":"https:\/\/www.tucomarca.com\/wordpress\/segunda\/wp-json\/wp\/v2\/posts"}],"about":[{"href":"https:\/\/www.tucomarca.com\/wordpress\/segunda\/wp-json\/wp\/v2\/types\/post"}],"author":[{"embeddable":true,"href":"https:\/\/www.tucomarca.com\/wordpress\/segunda\/wp-json\/wp\/v2\/users\/12"}],"replies":[{"embeddable":true,"href":"https:\/\/www.tucomarca.com\/wordpress\/segunda\/wp-json\/wp\/v2\/comments?post=160393"}],"version-history":[{"count":0,"href":"https:\/\/www.tucomarca.com\/wordpress\/segunda\/wp-json\/wp\/v2\/posts\/160393\/revisions"}],"wp:featuredmedia":[{"embeddable":true,"href":"https:\/\/www.tucomarca.com\/wordpress\/segunda\/wp-json\/wp\/v2\/media\/160406"}],"wp:attachment":[{"href":"https:\/\/www.tucomarca.com\/wordpress\/segunda\/wp-json\/wp\/v2\/media?parent=160393"}],"wp:term":[{"taxonomy":"category","embeddable":true,"href":"https:\/\/www.tucomarca.com\/wordpress\/segunda\/wp-json\/wp\/v2\/categories?post=160393"},{"taxonomy":"post_tag","embeddable":true,"href":"https:\/\/www.tucomarca.com\/wordpress\/segunda\/wp-json\/wp\/v2\/tags?post=160393"}],"curies":[{"name":"wp","href":"https:\/\/api.w.org\/{rel}","templated":true}]}}