{"id":160418,"date":"2022-06-28T20:00:00","date_gmt":"2022-06-28T18:00:00","guid":{"rendered":"http:\/\/www.tucomarca.com\/wordpress\/segunda\/?p=160418"},"modified":"2022-06-29T14:16:36","modified_gmt":"2022-06-29T12:16:36","slug":"sanidad-notifica-4-fallecimientos-y-4-479-nuevos-casos-de-coronavirus-en-la-comunitat-valenciana-2-210-de-ellos-en-mayores-de-60-anos","status":"publish","type":"post","link":"https:\/\/www.tucomarca.com\/wordpress\/segunda\/sanidad-notifica-4-fallecimientos-y-4-479-nuevos-casos-de-coronavirus-en-la-comunitat-valenciana-2-210-de-ellos-en-mayores-de-60-anos\/","title":{"rendered":"Sanidad notifica 4 fallecimientos y 4.479 nuevos casos de coronavirus en la Comunitat Valenciana, 2.210 de ellos en mayores de 60 a\u00f1os"},"content":{"rendered":"\n<h4 class=\"wp-block-heading\">Los hospitales valencianos tienen 905 personas ingresadas, 35 de ellas en la UCI<\/h4>\n\n\n\n<p>La Conselleria de Sanidad Universal y Salud P\u00fablica ha notificado un total de 4.479 nuevos casos de coronavirus confirmados por prueba PCR o a trav\u00e9s de test de ant\u00edgenos desde la \u00faltima actualizaci\u00f3n. Los nuevos casos por provincias son 577 en Castell\u00f3n (179.812 en total), 1.251 en Alicante (503.021 en total) y 2.651 en Valencia (785.475 en total).<\/p>\n\n\n\n<p>De ellos, 2.210 son de personas mayores de 60 a\u00f1os. Por provincias: 340 de Castell\u00f3n, 634 de Alicante y 1.236 de Valencia.<\/p>\n\n\n\n<p>Los hospitales valencianos tienen, actualmente 905 personas ingresadas, 35 de ellas en la UCI: 126 en la provincia de Castell\u00f3n, 4 en UCI; 300 en la provincia de Alicante, 16 de ellas en la UCI; y 479 en la provincia de Valencia, 15 en UCI.<\/p>\n\n\n\n<p>Se han notificado 4 fallecimientos por coronavirus desde la \u00faltima actualizaci\u00f3n, todos con fecha de defunci\u00f3n en los \u00faltimos 7 d\u00edas. Se trata de 2 mujeres de 88 y 96 a\u00f1os, y 2 hombres de 84 y 85 a\u00f1os. El total de decesos desde el inicio de la pandemia asciende a 9.520: 1.121 en la provincia de Castell\u00f3n, 3.616 en la de Alicante y 4.783 en la de Valencia.<\/p>\n","protected":false},"excerpt":{"rendered":"<div class=\"mh-excerpt\">Los hospitales valencianos tienen 905 personas ingresadas, 35 de ellas en la UCI La Conselleria de Sanidad Universal y Salud P\u00fablica ha notificado un total de 4.479 nuevos casos de coronavirus confirmados por prueba PCR <a class=\"mh-excerpt-more\" href=\"https:\/\/www.tucomarca.com\/wordpress\/segunda\/sanidad-notifica-4-fallecimientos-y-4-479-nuevos-casos-de-coronavirus-en-la-comunitat-valenciana-2-210-de-ellos-en-mayores-de-60-anos\/\" title=\"Sanidad notifica 4 fallecimientos y 4.479 nuevos casos de coronavirus en la Comunitat Valenciana, 2.210 de ellos en mayores de 60 a\u00f1os\">[+] <\/a><\/div>\n","protected":false},"author":12,"featured_media":138714,"comment_status":"open","ping_status":"open","sticky":false,"template":"","format":"standard","meta":{"footnotes":""},"categories":[119,12201,128,8,72,142,3,116,45],"tags":[10635,11937,11938,13475],"class_list":{"0":"post-160418","1":"post","2":"type-post","3":"status-publish","4":"format-standard","5":"has-post-thumbnail","7":"category-sanidad-la-comarca","8":"category-covid-19","9":"category-infraestructuras","10":"category-la-comarca","11":"category-sin-categorizar","12":"category-politica-la-comarca","13":"category-seccion","14":"category-sucesos-la-comarca","15":"category-ventana","16":"tag-conselleria-de-sanitat","17":"tag-coronavirus","18":"tag-covid-19","19":"tag-datos-de-contagios"},"_links":{"self":[{"href":"https:\/\/www.tucomarca.com\/wordpress\/segunda\/wp-json\/wp\/v2\/posts\/160418","targetHints":{"allow":["GET"]}}],"collection":[{"href":"https:\/\/www.tucomarca.com\/wordpress\/segunda\/wp-json\/wp\/v2\/posts"}],"about":[{"href":"https:\/\/www.tucomarca.com\/wordpress\/segunda\/wp-json\/wp\/v2\/types\/post"}],"author":[{"embeddable":true,"href":"https:\/\/www.tucomarca.com\/wordpress\/segunda\/wp-json\/wp\/v2\/users\/12"}],"replies":[{"embeddable":true,"href":"https:\/\/www.tucomarca.com\/wordpress\/segunda\/wp-json\/wp\/v2\/comments?post=160418"}],"version-history":[{"count":0,"href":"https:\/\/www.tucomarca.com\/wordpress\/segunda\/wp-json\/wp\/v2\/posts\/160418\/revisions"}],"wp:featuredmedia":[{"embeddable":true,"href":"https:\/\/www.tucomarca.com\/wordpress\/segunda\/wp-json\/wp\/v2\/media\/138714"}],"wp:attachment":[{"href":"https:\/\/www.tucomarca.com\/wordpress\/segunda\/wp-json\/wp\/v2\/media?parent=160418"}],"wp:term":[{"taxonomy":"category","embeddable":true,"href":"https:\/\/www.tucomarca.com\/wordpress\/segunda\/wp-json\/wp\/v2\/categories?post=160418"},{"taxonomy":"post_tag","embeddable":true,"href":"https:\/\/www.tucomarca.com\/wordpress\/segunda\/wp-json\/wp\/v2\/tags?post=160418"}],"curies":[{"name":"wp","href":"https:\/\/api.w.org\/{rel}","templated":true}]}}