{"id":160427,"date":"2022-06-28T18:45:00","date_gmt":"2022-06-28T16:45:00","guid":{"rendered":"http:\/\/www.tucomarca.com\/wordpress\/segunda\/?p=160427"},"modified":"2022-06-29T20:30:57","modified_gmt":"2022-06-29T18:30:57","slug":"el-balcon-del-ayuntamiento-de-utiel-luce-la-bandera-arcoiris-como-muestra-de-apoyo-al-colectivo-lgtbi-en-el-dia-internacional-del-orgullo","status":"publish","type":"post","link":"https:\/\/www.tucomarca.com\/wordpress\/segunda\/el-balcon-del-ayuntamiento-de-utiel-luce-la-bandera-arcoiris-como-muestra-de-apoyo-al-colectivo-lgtbi-en-el-dia-internacional-del-orgullo\/","title":{"rendered":"El balc\u00f3n del Ayuntamiento de Utiel luce la bandera arco\u00edris como muestra de apoyo al colectivo LGTBI en el D\u00eda Internacional del Orgullo"},"content":{"rendered":"\n<h4 class=\"wp-block-heading\">El pr\u00f3ximo martes 5 de julio en la prolongaci\u00f3n de la Alameda de Utiel se celebrar\u00e1 el festival \u201cColor Your Life\u201d, incluido dentro de la programaci\u00f3n organizada por las \u00e1reas de Juventud de la Mancomunidad del Interior Tierra del Vino con motivo del D\u00eda del Orgullo.<\/h4>\n\n\n\n<p>Un a\u00f1o m\u00e1s el Ayuntamiento de Utiel muestra su apoyo a la comunidad LGTBI y desde el pasado viernes, la bandera arco\u00edris cuelga de la fachada consistorial como s\u00edmbolo de visibilizaci\u00f3n de los derechos de este colectivo.<\/p>\n\n\n\n<p>Hoy, 28 de junio, se celebra el D\u00eda Internacional de Lesbianas, Gais, Bisexuales, Transexuales, Transg\u00e9nero e Intersexuales y el Ayuntamiento de Utiel se adhiere a esta conmemoraci\u00f3n como muestra de apoyo al colectivo que todav\u00eda, a d\u00eda de hoy, sigue sufriendo ataques y&nbsp;tratos discriminatorios basado en la orientaci\u00f3n sexual o la identidad de g\u00e9nero.<\/p>\n\n\n\n<p>El pr\u00f3ximo jueves, en el orden del d\u00eda de la sesi\u00f3n plenaria del Ayuntamiento de Utiel, se incluir\u00e1 la Adhesi\u00f3n a la Declaraci\u00f3n Institucional de la Federaci\u00f3n Espa\u00f1ola de Municipios y Provincias (FEMP) con motivo del D\u00eda Internacional del Orgullo en la que se pondr\u00e1 de manifiesto la defensa del&nbsp; derecho a la plena igualdad, a la dignidad y al libre desarrollo de la identidad sexual y\/o de g\u00e9nero y&nbsp; el compromiso para continuar con la&nbsp; promoci\u00f3n de actitudes y pol\u00edticas que favorezcan la concienciaci\u00f3n social para un efectivo cambio de mentalidad que erradique las actitudes LGTBIf\u00f3bicas y el rechazo a las mismas.&nbsp;<\/p>\n\n\n\n<p>Tal y como indica el manifiesto de la FEMP \u201cEste d\u00eda recuerda la importancia de seguir construyendo sociedades m\u00e1s tolerantes que convivan en diversidad y promuevan el cumplimiento de los derechos vulnerados de las personas LGTBI. Una jornada para seguir moviliz\u00e1ndose por una sociedad diversa y respetuosa con las diversidades de g\u00e9nero, capaz de erradicar el odio y las discriminaciones; para seguir profundizando en la democracia y sus derechos\u201d.<\/p>\n\n\n\n<p><strong>Festival \u00abCOLOR YOUR LIFE\u00bb con motivo del&nbsp;D\u00eda Internacional del Orgullo LGTBI<\/strong><\/p>\n\n\n\n<p>El pr\u00f3ximo martes, 5 de julio, a partir de las 19.00 horas, en la prolongaci\u00f3n de la Alameda de Utiel, se celebrar\u00e1 el festival \u201cColor Your Life\u201d en la que podr\u00e1n participar todos los j\u00f3venes en un d\u00eda especial en el que los colores representativos de la comunidad LGTBI llenar\u00e1n de alegr\u00eda y diversidad esta fiesta.<\/p>\n\n\n\n<p>Una actividad totalmente gratuita organizada a trav\u00e9s del departamento de Juventud de Mancomunidad del Interior Tierra del Vino (MITV) que est\u00e1 dirigida a j\u00f3venes de diferentes edades, desde 4\u00ba de primaria hasta 30 a\u00f1os y que se desarrolla en los diferentes municipios de la comarca, entre ellos Utiel.<\/p>\n\n\n\n<p><strong>Inscripciones gratuitas<\/strong><\/p>\n\n\n\n<p>Las inscripciones deben formalizarse a trav\u00e9s del perfil de Instagram de Juventud MITV @territoriojoventv o en el enlace: https:\/\/entradium.com\/events\/color-is-life&nbsp;<\/p>\n\n\n\n<p>Desde el servicio de Juventud de Utiel tambi\u00e9n podr\u00e1s recibir informaci\u00f3n sobre este evento en el tel\u00e9fono 687 64 44 04 o en el mail juventud@utiel.es<\/p>\n","protected":false},"excerpt":{"rendered":"<div class=\"mh-excerpt\">El pr\u00f3ximo martes 5 de julio en la prolongaci\u00f3n de la Alameda de Utiel se celebrar\u00e1 el festival \u201cColor Your Life\u201d, incluido dentro de la programaci\u00f3n organizada por las \u00e1reas de Juventud de la Mancomunidad <a class=\"mh-excerpt-more\" href=\"https:\/\/www.tucomarca.com\/wordpress\/segunda\/el-balcon-del-ayuntamiento-de-utiel-luce-la-bandera-arcoiris-como-muestra-de-apoyo-al-colectivo-lgtbi-en-el-dia-internacional-del-orgullo\/\" title=\"El balc\u00f3n del Ayuntamiento de Utiel luce la bandera arco\u00edris como muestra de apoyo al colectivo LGTBI en el D\u00eda Internacional del Orgullo\">[+] <\/a><\/div>\n","protected":false},"author":12,"featured_media":160429,"comment_status":"open","ping_status":"open","sticky":false,"template":"","format":"standard","meta":{"footnotes":""},"categories":[8,7,142,27,3,29],"tags":[6413,14811,15000,10387,10389],"class_list":{"0":"post-160427","1":"post","2":"type-post","3":"status-publish","4":"format-standard","5":"has-post-thumbnail","7":"category-la-comarca","8":"category-ocio-y-cultura","9":"category-politica-la-comarca","10":"category-requena-utiel","11":"category-seccion","12":"category-utiel","13":"tag-ayuntamiento-utiel","14":"tag-dia-mundial-del-orgullo-lgtbi","15":"tag-orgullo-lgtb","16":"tag-requena-utiel","17":"tag-utiel"},"_links":{"self":[{"href":"https:\/\/www.tucomarca.com\/wordpress\/segunda\/wp-json\/wp\/v2\/posts\/160427","targetHints":{"allow":["GET"]}}],"collection":[{"href":"https:\/\/www.tucomarca.com\/wordpress\/segunda\/wp-json\/wp\/v2\/posts"}],"about":[{"href":"https:\/\/www.tucomarca.com\/wordpress\/segunda\/wp-json\/wp\/v2\/types\/post"}],"author":[{"embeddable":true,"href":"https:\/\/www.tucomarca.com\/wordpress\/segunda\/wp-json\/wp\/v2\/users\/12"}],"replies":[{"embeddable":true,"href":"https:\/\/www.tucomarca.com\/wordpress\/segunda\/wp-json\/wp\/v2\/comments?post=160427"}],"version-history":[{"count":0,"href":"https:\/\/www.tucomarca.com\/wordpress\/segunda\/wp-json\/wp\/v2\/posts\/160427\/revisions"}],"wp:featuredmedia":[{"embeddable":true,"href":"https:\/\/www.tucomarca.com\/wordpress\/segunda\/wp-json\/wp\/v2\/media\/160429"}],"wp:attachment":[{"href":"https:\/\/www.tucomarca.com\/wordpress\/segunda\/wp-json\/wp\/v2\/media?parent=160427"}],"wp:term":[{"taxonomy":"category","embeddable":true,"href":"https:\/\/www.tucomarca.com\/wordpress\/segunda\/wp-json\/wp\/v2\/categories?post=160427"},{"taxonomy":"post_tag","embeddable":true,"href":"https:\/\/www.tucomarca.com\/wordpress\/segunda\/wp-json\/wp\/v2\/tags?post=160427"}],"curies":[{"name":"wp","href":"https:\/\/api.w.org\/{rel}","templated":true}]}}