{"id":160434,"date":"2022-06-28T12:00:00","date_gmt":"2022-06-28T10:00:00","guid":{"rendered":"http:\/\/www.tucomarca.com\/wordpress\/segunda\/?p=160434"},"modified":"2022-06-29T14:11:17","modified_gmt":"2022-06-29T12:11:17","slug":"el-ayuntamiento-de-benaguasil-organiza-una-nueva-edicion-del-cine-de-verano","status":"publish","type":"post","link":"https:\/\/www.tucomarca.com\/wordpress\/segunda\/el-ayuntamiento-de-benaguasil-organiza-una-nueva-edicion-del-cine-de-verano\/","title":{"rendered":"El Ayuntamiento de Benaguasil organiza una nueva edici\u00f3n del Cine de Verano"},"content":{"rendered":"\n<h4 class=\"wp-block-heading\">Todas las proyecciones comenzar\u00e1n a las 10 de la noche en la Plaza Mayor<\/h4>\n\n\n\n<h4 class=\"wp-block-heading\">Las pel\u00edculas elegidas son de car\u00e1cter familiar<\/h4>\n\n\n\n<p>Los vecinos de Benaguasil podr\u00e1n disfrutar de una nueva edici\u00f3n del Cine de Verano, a partir del pr\u00f3ximo viernes d\u00eda 8 y hasta el d\u00eda 29 de julio. Se trata de una propuesta impulsada por el Ayuntamiento y orientada al p\u00fablico familiar con la que disfrutar de las noches de verano pasando una agradable jornada cinematogr\u00e1fica al aire libre.<\/p>\n\n\n\n<p>En esta ocasi\u00f3n, el cine de verano mantiene su l\u00ednea y opta por proyectar pel\u00edculas de car\u00e1cter infantil y familiar, aptas para todos los p\u00fablicos. La programaci\u00f3n se inaugurar\u00e1 con la pel\u00edcula de superh\u00e9roes \u00abWonder woman\u00bb. El viernes 15 ser\u00e1 el turno de la pel\u00edcula de animaci\u00f3n \u00abPinocho\u00bb, mientras que el 22 el film que se proyectar\u00e1 ser\u00e1 \u00abDoctor Dolittle\u00bb, cerrando el ciclo la pel\u00edcula de aventuras \u00abSonic 2\u00bb.<\/p>\n\n\n\n<p>Como en las anteriores ediciones, el Ayuntamiento instalar\u00e1 una gran pantalla en la Plaza Mayor para ofrecer los cuatro filmes programados en esta nueva edici\u00f3n. Con esta iniciativa se pretende acercar el cine a la poblaci\u00f3n y fomentar las relaciones entre los vecinos, que seguro disfrutar\u00e1n de veladas en buena compa\u00f1\u00eda siendo espectadores de entretenidas pel\u00edculas de estreno.<\/p>\n\n\n\n<p>Cada viernes a las 22:00h en la Plaza Mayor los vecinos tienen una cita con el cine de verano, una buena opci\u00f3n para disfrutar de manera distendida de las noches estivales.<\/p>\n","protected":false},"excerpt":{"rendered":"<div class=\"mh-excerpt\">Todas las proyecciones comenzar\u00e1n a las 10 de la noche en la Plaza Mayor Las pel\u00edculas elegidas son de car\u00e1cter familiar Los vecinos de Benaguasil podr\u00e1n disfrutar de una nueva edici\u00f3n del Cine de Verano, <a class=\"mh-excerpt-more\" href=\"https:\/\/www.tucomarca.com\/wordpress\/segunda\/el-ayuntamiento-de-benaguasil-organiza-una-nueva-edicion-del-cine-de-verano\/\" title=\"El Ayuntamiento de Benaguasil organiza una nueva edici\u00f3n del Cine de Verano\">[+] <\/a><\/div>\n","protected":false},"author":12,"featured_media":160436,"comment_status":"open","ping_status":"open","sticky":false,"template":"","format":"standard","meta":{"footnotes":""},"categories":[4,172,46,8,7,3],"tags":[10429,10395,17456],"class_list":{"0":"post-160434","1":"post","2":"type-post","3":"status-publish","4":"format-standard","5":"has-post-thumbnail","7":"category-agenda","8":"category-benaguasil","9":"category-camp-de-turia","10":"category-la-comarca","11":"category-ocio-y-cultura","12":"category-seccion","13":"tag-benaguasil","14":"tag-camp-de-turia","15":"tag-cine-destiu"},"_links":{"self":[{"href":"https:\/\/www.tucomarca.com\/wordpress\/segunda\/wp-json\/wp\/v2\/posts\/160434","targetHints":{"allow":["GET"]}}],"collection":[{"href":"https:\/\/www.tucomarca.com\/wordpress\/segunda\/wp-json\/wp\/v2\/posts"}],"about":[{"href":"https:\/\/www.tucomarca.com\/wordpress\/segunda\/wp-json\/wp\/v2\/types\/post"}],"author":[{"embeddable":true,"href":"https:\/\/www.tucomarca.com\/wordpress\/segunda\/wp-json\/wp\/v2\/users\/12"}],"replies":[{"embeddable":true,"href":"https:\/\/www.tucomarca.com\/wordpress\/segunda\/wp-json\/wp\/v2\/comments?post=160434"}],"version-history":[{"count":0,"href":"https:\/\/www.tucomarca.com\/wordpress\/segunda\/wp-json\/wp\/v2\/posts\/160434\/revisions"}],"wp:featuredmedia":[{"embeddable":true,"href":"https:\/\/www.tucomarca.com\/wordpress\/segunda\/wp-json\/wp\/v2\/media\/160436"}],"wp:attachment":[{"href":"https:\/\/www.tucomarca.com\/wordpress\/segunda\/wp-json\/wp\/v2\/media?parent=160434"}],"wp:term":[{"taxonomy":"category","embeddable":true,"href":"https:\/\/www.tucomarca.com\/wordpress\/segunda\/wp-json\/wp\/v2\/categories?post=160434"},{"taxonomy":"post_tag","embeddable":true,"href":"https:\/\/www.tucomarca.com\/wordpress\/segunda\/wp-json\/wp\/v2\/tags?post=160434"}],"curies":[{"name":"wp","href":"https:\/\/api.w.org\/{rel}","templated":true}]}}