{"id":160441,"date":"2022-06-29T14:00:00","date_gmt":"2022-06-29T12:00:00","guid":{"rendered":"http:\/\/www.tucomarca.com\/wordpress\/segunda\/?p=160441"},"modified":"2022-06-29T19:43:08","modified_gmt":"2022-06-29T17:43:08","slug":"opinion-efectos-colaterales-de-la-giga-factoria-por-robert-raga-alcalde-de-riba-roja","status":"publish","type":"post","link":"https:\/\/www.tucomarca.com\/wordpress\/segunda\/opinion-efectos-colaterales-de-la-giga-factoria-por-robert-raga-alcalde-de-riba-roja\/","title":{"rendered":"Opini\u00f3n: \u00abEfectos colaterales de la giga-factor\u00eda\u00bb, por  Robert Raga, alcalde de Riba-roja"},"content":{"rendered":"\n<figure class=\"wp-block-image size-large is-resized\"><img loading=\"lazy\" decoding=\"async\" src=\"https:\/\/www.tucomarca.com\/wordpress\/segunda\/wp-content\/uploads\/2019\/12\/RobertRaga01.jpg\" alt=\"\" class=\"wp-image-97748\" width=\"155\" height=\"125\" srcset=\"https:\/\/www.tucomarca.com\/wordpress\/segunda\/wp-content\/uploads\/2019\/12\/RobertRaga01.jpg 882w, https:\/\/www.tucomarca.com\/wordpress\/segunda\/wp-content\/uploads\/2019\/12\/RobertRaga01-300x241.jpg 300w, https:\/\/www.tucomarca.com\/wordpress\/segunda\/wp-content\/uploads\/2019\/12\/RobertRaga01-768x617.jpg 768w\" sizes=\"auto, (max-width: 155px) 100vw, 155px\" \/><\/figure>\n\n\n\n<p>M\u00e1s de 3.500 millones de euros en inversi\u00f3n, la creaci\u00f3n de 3.000 puestos de trabajo directos y otros 12.000 empleos indirectos, una extensi\u00f3n de terrenos que alcanza las 200 hect\u00e1reas de suelo en total y otros 10.000 millones en completar proyectos auxiliares. No se trata de la carta a los Reyes Magos adelantada a la primavera o el verano, ni tampoco de un sue\u00f1o. Es una realidad aprobada y palpable fruto de la gesti\u00f3n del Govern del Bot\u00e0nic. No ha sido un proceso f\u00e1cil ni r\u00e1pido. Al contrario, ha costado varios a\u00f1os de negociaciones duras y complejas, adem\u00e1s de una competencia enconada con otras zonas de Espa\u00f1a y del resto de Europa. Por ello, el resultado cosechado recobra mayor importancia si cabe. Transcurridas varias semanas desde la presentaci\u00f3n del proyecto de la giga factor\u00eda de bater\u00edas que se implantar\u00e1, finalmente, en Sagunt, es el momento de poner en valor las repercusiones y los beneficios que este megaproyecto supone para el \u00e1mbito general de la Comunitat Valenciana en un momento en el que el aumento del precio de la energ\u00eda ha encendido las alarmas en la econom\u00eda.&nbsp;<\/p>\n\n\n\n<p>En primer lugar, este proyecto coloca a la Comunitat Valenciana en el lugar que se merece, especialmente en el marco europeo, y es un espaldarazo a las pol\u00edticas econ\u00f3micas que se han incentivado en estos \u00faltimos a\u00f1os, con el objetivo de diversificar el sistema productivo y, adem\u00e1s, de adelantarse a los retos que tenemos ante nosotros: el impulso de los veh\u00edculos el\u00e9ctricos. La giga-factor\u00eda que producir\u00e1 las bater\u00edas para este tipo de turismos no solo repercutir\u00e1 en la industria relacionada directamente con las bater\u00edas, sino que, adem\u00e1s, tendr\u00e1 una incidencia directa sobre el resto de sectores econ\u00f3micos implantados en el territorio valenciano. La log\u00edstica ser\u00e1 una de las que resultar\u00e1 m\u00e1s beneficiada, con unos intereses estrat\u00e9gicos indudables que se ver\u00e1n recompensados con la generaci\u00f3n de empleo y, por tanto, riqueza, en buena parte del \u00e1rea metropolitana valenciana. Con la puesta en marcha de la giga-factor\u00eda, el \u00e1rea de influencia se multiplicar\u00e1 exponencialmente y las ventajas de estas sinergias ser\u00e1n de las m\u00e1s importantes experimentadas durante las \u00faltimas d\u00e9cadas.<\/p>\n\n\n\n<p>Por todo ello, el III Foro Log\u00edstico que hemos celebrado recientemente en Riba-roja de T\u00faria, como ciudad anfitriona, cobra mayor relevancia en tanto en cuanto hemos tenido la ocasi\u00f3n de poner en com\u00fan las \u00faltimas novedades y tendencias de este sector. No hay que olvidar que la anterior edici\u00f3n finalizaba pocos d\u00edas antes de decretarse el Estado de Alarma en marzo de 2020 a causa de la pandemia y, desde entonces, se han producido numerosos cambios y tendencias que ahora hay que actualizar y, al mismo tiempo, promover las posibles soluciones ante los retos de nuestro futuro m\u00e1s pr\u00f3ximo. Entre ellas, la articulaci\u00f3n de las pol\u00edticas relacionadas con la reconstrucci\u00f3n pos-pandemia, el fomento de las energ\u00edas renovables y los fondos europeos Next Generation. Los municipios que formamos el denominado grupo G6 \u2013Riba-roja de T\u00faria, Arteixo, Antequera, Martorell, M\u00e9rida y Mondrag\u00f3n- somos conscientes de que los sistemas de transporte, base del sector log\u00edstico, no pueden entenderse sin implantar una movilidad sostenible, y, por ello, debemos continuar mejorando y perfilando este modelo: disminuci\u00f3n de las emisiones de CO2. De hecho, Riba-roja de T\u00faria est\u00e1 alineada en la \u201cAgenda urbana 2030\u201d de Espa\u00f1a entre cuyos compromisos la reducci\u00f3n de esas emisiones juega un papel esencial, con una reconversi\u00f3n de la industria tradicional y log\u00edstica adaptada a tal fin. Continuar invirtiendo en estas pol\u00edticas basadas en la sostenibilidad ser\u00e1 clave para el progreso y la modernizaci\u00f3n del sector log\u00edstico. En este foro hemos lanzado la Red Nacional de Municipios Industriales y Log\u00edsticos, en el marco de la Federaci\u00f3n Espa\u00f1ola de Municipios y Provincias, que la pandemia ha impedido poner en marcha pese a su aprobaci\u00f3n en el foro celebrado en 2020. Por ello, ha sido una buena ocasi\u00f3n para ponernos al d\u00eda tras los m\u00e1s de dos a\u00f1os transcurridos de pandemia.&nbsp; &nbsp;<\/p>\n\n\n\n<p><strong>Robert Raga Gadea, alcalde de l&#8217;Ajuntament de Riba-roja de T\u00faria.\u00a0<\/strong><\/p>\n","protected":false},"excerpt":{"rendered":"<div class=\"mh-excerpt\">M\u00e1s de 3.500 millones de euros en inversi\u00f3n, la creaci\u00f3n de 3.000 puestos de trabajo directos y otros 12.000 empleos indirectos, una extensi\u00f3n de terrenos que alcanza las 200 hect\u00e1reas de suelo en total y <a class=\"mh-excerpt-more\" href=\"https:\/\/www.tucomarca.com\/wordpress\/segunda\/opinion-efectos-colaterales-de-la-giga-factoria-por-robert-raga-alcalde-de-riba-roja\/\" title=\"Opini\u00f3n: \u00abEfectos colaterales de la giga-factor\u00eda\u00bb, por  Robert Raga, alcalde de Riba-roja\">[+] <\/a><\/div>\n","protected":false},"author":12,"featured_media":97748,"comment_status":"open","ping_status":"open","sticky":false,"template":"","format":"standard","meta":{"footnotes":""},"categories":[46,128,8,72,30,90,142,182,3],"tags":[10395,17459,55,15023,4280],"class_list":{"0":"post-160441","1":"post","2":"type-post","3":"status-publish","4":"format-standard","5":"has-post-thumbnail","7":"category-camp-de-turia","8":"category-infraestructuras","9":"category-la-comarca","10":"category-sin-categorizar","11":"category-opinion","12":"category-opinion-opinion","13":"category-politica-la-comarca","14":"category-riba-roja","15":"category-seccion","16":"tag-camp-de-turia","17":"tag-giga-factoria","18":"tag-opinion-3","19":"tag-riba-roja-de-turia","20":"tag-robert-raga"},"_links":{"self":[{"href":"https:\/\/www.tucomarca.com\/wordpress\/segunda\/wp-json\/wp\/v2\/posts\/160441","targetHints":{"allow":["GET"]}}],"collection":[{"href":"https:\/\/www.tucomarca.com\/wordpress\/segunda\/wp-json\/wp\/v2\/posts"}],"about":[{"href":"https:\/\/www.tucomarca.com\/wordpress\/segunda\/wp-json\/wp\/v2\/types\/post"}],"author":[{"embeddable":true,"href":"https:\/\/www.tucomarca.com\/wordpress\/segunda\/wp-json\/wp\/v2\/users\/12"}],"replies":[{"embeddable":true,"href":"https:\/\/www.tucomarca.com\/wordpress\/segunda\/wp-json\/wp\/v2\/comments?post=160441"}],"version-history":[{"count":0,"href":"https:\/\/www.tucomarca.com\/wordpress\/segunda\/wp-json\/wp\/v2\/posts\/160441\/revisions"}],"wp:featuredmedia":[{"embeddable":true,"href":"https:\/\/www.tucomarca.com\/wordpress\/segunda\/wp-json\/wp\/v2\/media\/97748"}],"wp:attachment":[{"href":"https:\/\/www.tucomarca.com\/wordpress\/segunda\/wp-json\/wp\/v2\/media?parent=160441"}],"wp:term":[{"taxonomy":"category","embeddable":true,"href":"https:\/\/www.tucomarca.com\/wordpress\/segunda\/wp-json\/wp\/v2\/categories?post=160441"},{"taxonomy":"post_tag","embeddable":true,"href":"https:\/\/www.tucomarca.com\/wordpress\/segunda\/wp-json\/wp\/v2\/tags?post=160441"}],"curies":[{"name":"wp","href":"https:\/\/api.w.org\/{rel}","templated":true}]}}