{"id":160488,"date":"2022-06-29T15:00:00","date_gmt":"2022-06-29T13:00:00","guid":{"rendered":"http:\/\/www.tucomarca.com\/wordpress\/segunda\/?p=160488"},"modified":"2022-06-29T20:26:45","modified_gmt":"2022-06-29T18:26:45","slug":"la-banda-municipal-de-madrid-conducida-por-el-prestigioso-director-jan-cober-estrenara-la-obra-interlocutio-de-jose-alama-en-su-concierto-de-la-xvi-bienal-de-musica-de-bunol","status":"publish","type":"post","link":"https:\/\/www.tucomarca.com\/wordpress\/segunda\/la-banda-municipal-de-madrid-conducida-por-el-prestigioso-director-jan-cober-estrenara-la-obra-interlocutio-de-jose-alama-en-su-concierto-de-la-xvi-bienal-de-musica-de-bunol\/","title":{"rendered":"La Banda Municipal de Madrid, conducida por el prestigioso director Jan Cober, estrenar\u00e1 la obra \u201cInterlocutio\u201d, de Jos\u00e9 Alam\u00e1, en su concierto de la XVI Bienal de M\u00fasica de Bu\u00f1ol"},"content":{"rendered":"\n<p><strong>El concierto de la Banda Sinf\u00f3nica Municipal de Madrid, dirigida por Jan Cober, es una de las propuestas m\u00e1s destacadas del programa de la XVI Bienal de M\u00fasica de Bu\u00f1ol para los pr\u00f3ximos d\u00edas; recital que contar\u00e1 con el estreno del <em>concierto para dos requintos \u201cInterlocutio\u201d<\/em>, de Jos\u00e9 Alam\u00e1.<\/strong><\/p>\n\n\n\n<p><strong>El festival musical bu\u00f1olense se completa con el concierto de la Banda Agrupaci\u00f3n para la Memoria Hist\u00f3rica, con la actuaci\u00f3n de m\u00fasica y danza de Thin Air y con el inicio de la I Escuela de M\u00fasicas del Mundo, Esmumbu.<\/strong><\/p>\n\n\n\n<p><strong>Las pr\u00f3ximas semanas arrancar\u00e1n adem\u00e1s el I F\u00f3rum Iberoamericano de M\u00fasica para Vientos as\u00ed como el Curso del M\u00e9todo Suzuki. &nbsp;<\/strong><\/p>\n\n\n\n<figure class=\"wp-block-image size-large\"><img loading=\"lazy\" decoding=\"async\" width=\"345\" height=\"382\" src=\"https:\/\/www.tucomarca.com\/wordpress\/segunda\/wp-content\/uploads\/2022\/06\/JanCober.jpg\" alt=\"\" class=\"wp-image-160491\" srcset=\"https:\/\/www.tucomarca.com\/wordpress\/segunda\/wp-content\/uploads\/2022\/06\/JanCober.jpg 345w, https:\/\/www.tucomarca.com\/wordpress\/segunda\/wp-content\/uploads\/2022\/06\/JanCober-271x300.jpg 271w\" sizes=\"auto, (max-width: 345px) 100vw, 345px\" \/><\/figure>\n\n\n\n<p>La XVI Bienal de M\u00fasica de Bu\u00f1ol intensifica durante los pr\u00f3ximos d\u00edas sus actividades y propuestas con la participaci\u00f3n de la Banda Municipal de Madrid, que ofrecer\u00e1 un concierto este pr\u00f3ximo lunes, 4 de julio, a partir de las 20,30 horas en el Auditorio de San Luis; as\u00ed como con la actuaci\u00f3n de la Banda Agrupaci\u00f3n para la Memoria Hist\u00f3rica, un d\u00eda antes, el domingo 3 de julio, en el mismo escenario del Paso de San Luis y a partir de las 20,00 horas.<\/p>\n\n\n\n<p>La Banda Municipal de Madrid, conducida por el prestigioso director Jan Cober, interpretar\u00e1 un repertorio compuesto por la <em>Danza de los siete velos<\/em>, de Richard Strauss; <em>Pinos de Roma<\/em>, de Ottorino Respighi; <em>El sombrero de tres picos<\/em>, de Manuel de Falla; <em>El tambor de granaderos<\/em>, de Ruperto Chap\u00ed; <em>Agua, azucarillos y aguardiente<\/em>, de Federico Chueca; <em>La Revoltosa<\/em>, de Ruperto Chap\u00ed; y<em> La Marchenera<\/em>, de Federico M. Torroba.&nbsp;<\/p>\n\n\n\n<p>Del programa destaca adem\u00e1s el estreno absoluto del concierto para dos requintos, <em>Interlocutio<\/em>, de Jos\u00e9 Alam\u00e1, con la participaci\u00f3n de Miguel Civera y Arno Piters como solistas.&nbsp;<\/p>\n\n\n\n<p>Jan Cober est\u00e1 considerando en la actualidad como una de las figuras m\u00e1s destacadas en el \u00e1mbito de la direcci\u00f3n de bandas de m\u00fasica. Como profesor de clarinete y director de bandas de viento-metal, Jan Cober compagina su carrera profesional con la investigaci\u00f3n musical en el Conservatorio Superior de Maastricht y el Instituto Europeo de Direcci\u00f3n en Trento (Italia). Su particular metodolog\u00eda y did\u00e1ctica ha creado una reconocida escuela que imparte cursos de direcci\u00f3n en m\u00e1s de quince pa\u00edses.<\/p>\n\n\n\n<p>Por su parte, la Banda Agrupaci\u00f3n para la Memoria Hist\u00f3rica, conducida por su director titular, Jes\u00fas Perell\u00f3, pondr\u00e1 en atril <em>Gloria al pueblo<\/em>, de Perfecto Artola; <em>La vaquilla<\/em>, de Asins Arb\u00f3;<em> A Federico Garc\u00eda Lorca (canciones antiguas)<\/em>, con arreglos de \u00c1ngel L\u00f3pez Came\u00f1o; la obertura <em>France<\/em>, de V. Bout; as\u00ed como las bandas sonoras de las pel\u00edculas <em>Las trece rosas<\/em>, de Roque Ba\u00f1os; y la de <em>Blasco Ib\u00e1\u00f1ez<\/em>, con arreglos de Mendo y Garc\u00eda Soler. El concierto est\u00e1 previsto que finalice con la interpretaci\u00f3n del <em>Himno a Bu\u00f1ol<\/em>, de Guzm\u00e1n C\u00e1rcel.<\/p>\n\n\n\n<p>A estas propuestas se suma el espect\u00e1culo de m\u00fasica y danza <em>Thin Air<\/em>, escrito por Calliope Tsoupaki, del que se podr\u00e1 disfrutar este s\u00e1bado, d\u00eda 2 de julio, en dos representaciones: a las 21,30 horas y a las 23,00 horas, ambas en la puerta del Auditorio del Paseo de San Luis.&nbsp; &nbsp;<\/p>\n\n\n\n<p><strong>Conciertos del conservatorio e inauguraci\u00f3n de la Esmunbu <\/strong>&nbsp; &nbsp;<\/p>\n\n\n\n<p>El programa de la Bienal de M\u00fasica arranc\u00f3 el pasado 16 de junio con los recitales y conciertos desarrollados durante tres jornadas por la Banda Juvenil, la Brass Band, el Coro, la Orquesta y la Banda Sinf\u00f3nica del Conservatorio San Rafael. Esta \u00faltima formaci\u00f3n ofreci\u00f3 adem\u00e1s un gran espect\u00e1culo en el Auditorio Municipal de San Luis con la participaci\u00f3n del instrumentista gallego Abraham Cupeiro, que tambi\u00e9n tiene programada otra gran actuaci\u00f3n junto al quinteto de viento <em>Venta a cinc<\/em> para el d\u00eda 14 de julio en la Plaza de Armas del castillo de la localidad.&nbsp;<\/p>\n\n\n\n<p>Las actividades han continuado tambi\u00e9n esta semana con la inauguraci\u00f3n de la I Escuela de M\u00fasicas del Mundo de Bu\u00f1ol, Esmumbu, en el Paseo de San Luis.<\/p>\n\n\n\n<p>La XVI Bienal de M\u00fasica de la localidad se desarrollar\u00e1 hasta el pr\u00f3ximo 12 de agosto durante unas semanas en las que diversos enclaves del municipio acoger\u00e1n tanto conciertos como diversas actividades paralelas, entre la que destaca el I F\u00f3rum Iberoamericano de M\u00fasica para Vientos, que arrancar\u00e1 la pr\u00f3xima semana; as\u00ed como el Curso del M\u00e9todo Suzuki.&nbsp;<\/p>\n\n\n\n<p>La completa y variada programaci\u00f3n cuenta adem\u00e1s entre sus platos fuertes con la actuaci\u00f3n de Soledad Gim\u00e9nez junto a la Sedajazz Big Band, prevista para el 15 de julio a las 22,30 horas en el Auditorio Municipal de San Luis; as\u00ed como con el recital de Ismael Serrano, cantautor que actuar\u00e1 el 12 de agosto a las 22,30 horas en el mismo escenario.&nbsp;<\/p>\n\n\n\n<p>A ellos se suman los conciertos inaugural y de clausura a cargo de cada una de las dos sociedades musicales locales: El Centro Instructivo Musical \u201cLa Arm\u00f3nica\u201d y la Sociedad Musical \u201cLa Art\u00edstica\u201d, que adem\u00e1s estrenar\u00e1n \u201cCatarsis en rojo\u201d, la obra de encargo compuesta por Andr\u00e9s Valero-Castell sobre la internacionalmente conocida fiesta de La Tomatina.<\/p>\n\n\n\n<p><strong>El Bonobienal, ya a la venta<\/strong><\/p>\n\n\n\n<p>Desde la concejal\u00eda de Cultura del Ayuntamiento de Bu\u00f1ol que administra Mireia Parla se ha informado de la puesta a la venta del Bonobienal, \u201cuna forma muy interesante de poder ahorrarse unos euros en las actuaciones de pago\u201d, tal como ha destacado la m\u00e1xima responsable de la Cultura en la localidad.<\/p>\n\n\n\n<p>Mireia Parla ha recordado que el Bonobienal \u201csale a la venta a partir del d\u00eda 2 de julio por el m\u00f3dico precio de 20 euros y s\u00f3lo para las pocas actuaciones de pago que hay\u201d, ya que como ha destacado s\u00f3lo \u201cson unas pocas, ya que pr\u00e1cticamente todas las propuestas de esta XVI Bienal de M\u00fasica son gratuitas\u201d.<\/p>\n\n\n\n<p>\u201cEl Bonobienal puede adquirirse en los puntos habituales del municipio, entre ellos la Biblioteca P\u00fablica Municipal, el kiosco Desi, Modas Marina y la droguer\u00eda La Plaza\u201d, tal como ha mencionado Mireia Parla, quien ha recordado que toda la programaci\u00f3n de la XVI Bienal de M\u00fasica puede ser consultada en la p\u00e1gina web <em>www.bienalmusica.bu\u00f1ol.es<\/em>.&nbsp;<\/p>\n","protected":false},"excerpt":{"rendered":"<div class=\"mh-excerpt\">El concierto de la Banda Sinf\u00f3nica Municipal de Madrid, dirigida por Jan Cober, es una de las propuestas m\u00e1s destacadas del programa de la XVI Bienal de M\u00fasica de Bu\u00f1ol para los pr\u00f3ximos d\u00edas; recital <a class=\"mh-excerpt-more\" href=\"https:\/\/www.tucomarca.com\/wordpress\/segunda\/la-banda-municipal-de-madrid-conducida-por-el-prestigioso-director-jan-cober-estrenara-la-obra-interlocutio-de-jose-alama-en-su-concierto-de-la-xvi-bienal-de-musica-de-bunol\/\" title=\"La Banda Municipal de Madrid, conducida por el prestigioso director Jan Cober, estrenar\u00e1 la obra \u201cInterlocutio\u201d, de Jos\u00e9 Alam\u00e1, en su concierto de la XVI Bienal de M\u00fasica de Bu\u00f1ol\">[+] <\/a><\/div>\n","protected":false},"author":1,"featured_media":160489,"comment_status":"open","ping_status":"open","sticky":false,"template":"","format":"standard","meta":{"footnotes":""},"categories":[4,18,66,8,72,10,7,3,45],"tags":[10871,10385,5952],"class_list":{"0":"post-160488","1":"post","2":"type-post","3":"status-publish","4":"format-standard","5":"has-post-thumbnail","7":"category-agenda","8":"category-bunol","9":"category-musica","10":"category-la-comarca","11":"category-sin-categorizar","12":"category-la-hoya","13":"category-ocio-y-cultura","14":"category-seccion","15":"category-ventana","16":"tag-bienal-de-musica","17":"tag-bunol","18":"tag-la-hoya-de-bunol-chiva"},"_links":{"self":[{"href":"https:\/\/www.tucomarca.com\/wordpress\/segunda\/wp-json\/wp\/v2\/posts\/160488","targetHints":{"allow":["GET"]}}],"collection":[{"href":"https:\/\/www.tucomarca.com\/wordpress\/segunda\/wp-json\/wp\/v2\/posts"}],"about":[{"href":"https:\/\/www.tucomarca.com\/wordpress\/segunda\/wp-json\/wp\/v2\/types\/post"}],"author":[{"embeddable":true,"href":"https:\/\/www.tucomarca.com\/wordpress\/segunda\/wp-json\/wp\/v2\/users\/1"}],"replies":[{"embeddable":true,"href":"https:\/\/www.tucomarca.com\/wordpress\/segunda\/wp-json\/wp\/v2\/comments?post=160488"}],"version-history":[{"count":0,"href":"https:\/\/www.tucomarca.com\/wordpress\/segunda\/wp-json\/wp\/v2\/posts\/160488\/revisions"}],"wp:featuredmedia":[{"embeddable":true,"href":"https:\/\/www.tucomarca.com\/wordpress\/segunda\/wp-json\/wp\/v2\/media\/160489"}],"wp:attachment":[{"href":"https:\/\/www.tucomarca.com\/wordpress\/segunda\/wp-json\/wp\/v2\/media?parent=160488"}],"wp:term":[{"taxonomy":"category","embeddable":true,"href":"https:\/\/www.tucomarca.com\/wordpress\/segunda\/wp-json\/wp\/v2\/categories?post=160488"},{"taxonomy":"post_tag","embeddable":true,"href":"https:\/\/www.tucomarca.com\/wordpress\/segunda\/wp-json\/wp\/v2\/tags?post=160488"}],"curies":[{"name":"wp","href":"https:\/\/api.w.org\/{rel}","templated":true}]}}