{"id":160539,"date":"2022-06-30T10:00:00","date_gmt":"2022-06-30T08:00:00","guid":{"rendered":"http:\/\/www.tucomarca.com\/wordpress\/segunda\/?p=160539"},"modified":"2022-06-30T12:14:22","modified_gmt":"2022-06-30T10:14:22","slug":"bunol-abre-el-plazo-para-presentar-listas-de-personas-que-quieran-participar-sobre-los-camiones-en-la-fiesta-de-la-tomatina","status":"publish","type":"post","link":"https:\/\/www.tucomarca.com\/wordpress\/segunda\/bunol-abre-el-plazo-para-presentar-listas-de-personas-que-quieran-participar-sobre-los-camiones-en-la-fiesta-de-la-tomatina\/","title":{"rendered":"Bu\u00f1ol abre el plazo para presentar listas de personas que quieran participar sobre los camiones en la fiesta de La Tomatina"},"content":{"rendered":"\n<p>Mar\u00eda Vall\u00e9s, concejala de Turismo y Tomatina del Ayuntamiento de Bu\u00f1ol, ha informado que desde ayer tienen en la web del Consistorio, bu\u00f1ol.es, en la secci\u00f3n Conoce Bu\u00f1ol \u2013 La Tomatina, o en el Facebook de la Concejal\u00eda de Turismo (Tourist Info Bu\u00f1ol) toda la documentaci\u00f3n necesaria con la normativa general y la espec\u00edfica para los colaboradores arriba y debajo de los camiones de la pr\u00f3xima fiesta de la Tomatina, que se celebrar\u00e1 el 31 de agosto. El enlace donde pueden ver toda la documentaci\u00f3n al respecto es: <a href=\"https:\/\/www.xn--buol-hqa.es\/pagina\/la-tomatina-0\" data-type=\"URL\" data-id=\"https:\/\/www.xn--buol-hqa.es\/pagina\/la-tomatina-0\">https:\/\/www.xn--buol-hqa.es\/pagina\/la-tomatina-0<\/a><\/p>\n\n\n\n<p>Hasta un periodo m\u00e1ximo de 15 d\u00edas los interesados en crear una lista de hasta de 10 personas deben presentar por registro de entrada o a&nbsp; trav\u00e9s de la sede electr\u00f3nica del Ayuntamiento la solicitud con los datos personales de la persona responsable y de todos los miembros de la lista. El sorteo de las listas que podr\u00e1n acceder al cami\u00f3n se har\u00e1 el 28 de julio en el parque de San Luis a las 19.30h.&nbsp;<\/p>\n\n\n\n<p>Para aquellas personas que quieran colaborar en la Tomatina delante de un cami\u00f3n y no lo hayan hecho en 2019 deber\u00e1n solicitarlo mediante el impreso correspondiente que ya est\u00e1 disponible en el Ayuntamiento de Bu\u00f1ol, en su web o en el Facebook de la Concejal\u00eda de Turismo (Tourist Info Bu\u00f1ol). Ese impreso completamente rellenado deber\u00e1 entregarse por registro de entrada o por sede electr\u00f3nica el documento rellenado.&nbsp;<\/p>\n\n\n\n<p>Para poder optar a arriba del cami\u00f3n la normativa al respecto dice que las plazas ser\u00e1n nominativas e intransferibles. Las condiciones para participar son: ser mayor de edad en la fecha en la que se celebre La Tomatina; no estar inscrito en dos listas distintas a la vez; no estar inscrito para colaborar abajo del cami\u00f3n; no haber sido part\u00edcipe arriba del cami\u00f3n las dos ediciones anteriores; y estar empadronado o haber nacido en Bu\u00f1ol (demostrable).<\/p>\n\n\n\n<p>La edil del ramo tambi\u00e9n aclara que en esta edici\u00f3n, y que ya estuvieron abajo del cami\u00f3n en la edici\u00f3n de 2019, podr\u00e1n optar a arriba del cami\u00f3n en La Tomatina de 2023, pero si por primera vez opta a estar abajo del cami\u00f3n, y tambi\u00e9n lo hace en 2023, no ser\u00e1 premiado con la subida al cami\u00f3n en la edici\u00f3n de 2024. \u201cCon esta medida pretendemos que haya plazas libres suficientes arriba para que todos puedan optar a vivir la experiencia, y que todos los cauces ya sean m\u00e1s \u00e1giles a la hora de configurar las listas\u201d, rese\u00f1\u00f3 Vall\u00e9s.<\/p>\n","protected":false},"excerpt":{"rendered":"<div class=\"mh-excerpt\">Mar\u00eda Vall\u00e9s, concejala de Turismo y Tomatina del Ayuntamiento de Bu\u00f1ol, ha informado que desde ayer tienen en la web del Consistorio, bu\u00f1ol.es, en la secci\u00f3n Conoce Bu\u00f1ol \u2013 La Tomatina, o en el Facebook <a class=\"mh-excerpt-more\" href=\"https:\/\/www.tucomarca.com\/wordpress\/segunda\/bunol-abre-el-plazo-para-presentar-listas-de-personas-que-quieran-participar-sobre-los-camiones-en-la-fiesta-de-la-tomatina\/\" title=\"Bu\u00f1ol abre el plazo para presentar listas de personas que quieran participar sobre los camiones en la fiesta de La Tomatina\">[+] <\/a><\/div>\n","protected":false},"author":12,"featured_media":160556,"comment_status":"open","ping_status":"open","sticky":false,"template":"","format":"standard","meta":{"footnotes":""},"categories":[18,8,10,7,3],"tags":[10385,17463,5952,16870],"class_list":{"0":"post-160539","1":"post","2":"type-post","3":"status-publish","4":"format-standard","5":"has-post-thumbnail","7":"category-bunol","8":"category-la-comarca","9":"category-la-hoya","10":"category-ocio-y-cultura","11":"category-seccion","12":"tag-bunol","13":"tag-camiones-de-la-tomatina","14":"tag-la-hoya-de-bunol-chiva","15":"tag-la-tomatina-2022"},"_links":{"self":[{"href":"https:\/\/www.tucomarca.com\/wordpress\/segunda\/wp-json\/wp\/v2\/posts\/160539","targetHints":{"allow":["GET"]}}],"collection":[{"href":"https:\/\/www.tucomarca.com\/wordpress\/segunda\/wp-json\/wp\/v2\/posts"}],"about":[{"href":"https:\/\/www.tucomarca.com\/wordpress\/segunda\/wp-json\/wp\/v2\/types\/post"}],"author":[{"embeddable":true,"href":"https:\/\/www.tucomarca.com\/wordpress\/segunda\/wp-json\/wp\/v2\/users\/12"}],"replies":[{"embeddable":true,"href":"https:\/\/www.tucomarca.com\/wordpress\/segunda\/wp-json\/wp\/v2\/comments?post=160539"}],"version-history":[{"count":0,"href":"https:\/\/www.tucomarca.com\/wordpress\/segunda\/wp-json\/wp\/v2\/posts\/160539\/revisions"}],"wp:featuredmedia":[{"embeddable":true,"href":"https:\/\/www.tucomarca.com\/wordpress\/segunda\/wp-json\/wp\/v2\/media\/160556"}],"wp:attachment":[{"href":"https:\/\/www.tucomarca.com\/wordpress\/segunda\/wp-json\/wp\/v2\/media?parent=160539"}],"wp:term":[{"taxonomy":"category","embeddable":true,"href":"https:\/\/www.tucomarca.com\/wordpress\/segunda\/wp-json\/wp\/v2\/categories?post=160539"},{"taxonomy":"post_tag","embeddable":true,"href":"https:\/\/www.tucomarca.com\/wordpress\/segunda\/wp-json\/wp\/v2\/tags?post=160539"}],"curies":[{"name":"wp","href":"https:\/\/api.w.org\/{rel}","templated":true}]}}