{"id":160565,"date":"2022-06-30T09:45:00","date_gmt":"2022-06-30T07:45:00","guid":{"rendered":"http:\/\/www.tucomarca.com\/wordpress\/segunda\/?p=160565"},"modified":"2022-06-30T18:54:54","modified_gmt":"2022-06-30T16:54:54","slug":"las-fiestas-de-alborache-arrancan-con-el-pregon-del-equipo-femenino-de-futbol-de-la-ud-la-hoya","status":"publish","type":"post","link":"https:\/\/www.tucomarca.com\/wordpress\/segunda\/las-fiestas-de-alborache-arrancan-con-el-pregon-del-equipo-femenino-de-futbol-de-la-ud-la-hoya\/","title":{"rendered":"Las fiestas de Alborache arrancan con el preg\u00f3n del equipo femenino de f\u00fatbol de la UD La Hoya"},"content":{"rendered":"\n<p>El Ayuntamiento de Alborache -junto con las asociaciones vecinales- ha preparado un completo <strong>calendario de actividades<\/strong> para el mes de julio, donde pretende que todos los residentes en Alborache, y todos los vecinos y vecinas de la Mancomunidad y visitantes aprovechen para pasar un rato agradable y en buena compa\u00f1\u00eda.&nbsp;<\/p>\n\n\n\n<p>En este sentido, las integrantes del <strong>equipo de f\u00fatbol femenino del UD La Hoya<\/strong>, que reci\u00e9n acaba de ascender a Primera, ser\u00e1n las pregoneras de las fiestas de Alborache el pr\u00f3ximo 15 de julio desde el balc\u00f3n del Ayuntamiento.&nbsp;<\/p>\n\n\n\n<p>Asimismo, todas actividades, jornadas, talleres y campeonatos que se organizan est\u00e1n destinados y orientados para todas las edades, y forman parte del programa de fiestas municipal, cuyo principal objetivo es: poner en valor y ensalzar la fiesta grande en honor a San Jaime.&nbsp;<\/p>\n\n\n\n<p>Las principales actividades que se llevar\u00e1n a cabo en la localidad durante el pr\u00f3ximo mes de julio (sin tener en cuenta los d\u00edas de la fiesta grande) y que pr\u00f3ximamente se ampliar\u00e1n junto al Programa de Fiestas 2022.&nbsp;<\/p>\n\n\n\n<p>S\u00e1bado, 2 de julio:&nbsp;<\/p>\n\n\n\n<ul class=\"wp-block-list\"><li>Carrera Alborache<\/li><\/ul>\n\n\n\n<p>Viernes, 8 de julio:&nbsp;<\/p>\n\n\n\n<ul class=\"wp-block-list\"><li>Cena de la Asociaci\u00f3n local de la Lucha contra el C\u00e1ncer de Alborache y actuaci\u00f3n de MESTIZaje.<\/li><\/ul>\n\n\n\n<p>S\u00e1bado 9 de julio:&nbsp;<\/p>\n\n\n\n<ul class=\"wp-block-list\"><li>V Jornada \u2018Vive la Naturaleza\u2019 organizada por el Club de Caza.<\/li><li>Subida nocturna a la Ceja, organizada por la Asociaci\u00f3n Local de Lucha contra el C\u00e1ncer) y actuaci\u00f3n de \u2018La Ceja del zorro\u2019.<\/li><li>XIX Campa\u00f1a de conciertos de intercambios SIM La Primitiva.<\/li><\/ul>\n\n\n\n<p>Viernes, 15 de julio:&nbsp;<\/p>\n\n\n\n<ul class=\"wp-block-list\"><li>Concurso de adornos de las calles de Alborache.&nbsp;<\/li><li>Preg\u00f3n de las fiestas desde el Balc\u00f3n del Ayuntamiento a cargo del equipo femenino de F\u00fatbol de la U.D. Mancomunidad La Hoya y discom\u00f3vil.&nbsp;<\/li><\/ul>\n\n\n\n<p>S\u00e1bado, 16 de julio:<\/p>\n\n\n\n<ul class=\"wp-block-list\"><li>Paellas, Batucada y verbena ambientada por la Orquesta La M\u00e1xima.&nbsp;<\/li><\/ul>\n\n\n\n<p>Domingo, 17 de julio:&nbsp;<\/p>\n\n\n\n<ul class=\"wp-block-list\"><li>Musical infantil y familiar inspirado en \u2018Frozen\u2019: \u2018Snowman\u2019, en el Auditorio Municipal.&nbsp;<\/li><\/ul>\n\n\n\n<p>Del lunes 11 al viernes 22 de julio:&nbsp;<\/p>\n\n\n\n<ul class=\"wp-block-list\"><li>Torneos de p\u00e1del y futbito.<\/li><\/ul>\n\n\n\n<p>Del lunes 18 al viernes 22 de julio:&nbsp;<\/p>\n\n\n\n<ul class=\"wp-block-list\"><li>Campeonato de parch\u00eds.<\/li><\/ul>\n\n\n\n<p>Del lunes 21 al viernes 23 de julio:&nbsp;<\/p>\n\n\n\n<ul class=\"wp-block-list\"><li>Campeonatos de domin\u00f3 (organizado por la Asociaci\u00f3n de Pensionistas y Jubilados de Alborache)<\/li><\/ul>\n","protected":false},"excerpt":{"rendered":"<div class=\"mh-excerpt\">El Ayuntamiento de Alborache -junto con las asociaciones vecinales- ha preparado un completo calendario de actividades para el mes de julio, donde pretende que todos los residentes en Alborache, y todos los vecinos y vecinas <a class=\"mh-excerpt-more\" href=\"https:\/\/www.tucomarca.com\/wordpress\/segunda\/las-fiestas-de-alborache-arrancan-con-el-pregon-del-equipo-femenino-de-futbol-de-la-ud-la-hoya\/\" title=\"Las fiestas de Alborache arrancan con el preg\u00f3n del equipo femenino de f\u00fatbol de la UD La Hoya\">[+] <\/a><\/div>\n","protected":false},"author":1,"featured_media":160566,"comment_status":"open","ping_status":"open","sticky":false,"template":"","format":"standard","meta":{"footnotes":""},"categories":[4,19,50,6,8,10,3],"tags":[10386,5952],"class_list":{"0":"post-160565","1":"post","2":"type-post","3":"status-publish","4":"format-standard","5":"has-post-thumbnail","7":"category-agenda","8":"category-alborache","9":"category-futbol-deportes","10":"category-deportes","11":"category-la-comarca","12":"category-la-hoya","13":"category-seccion","14":"tag-alborache","15":"tag-la-hoya-de-bunol-chiva"},"_links":{"self":[{"href":"https:\/\/www.tucomarca.com\/wordpress\/segunda\/wp-json\/wp\/v2\/posts\/160565","targetHints":{"allow":["GET"]}}],"collection":[{"href":"https:\/\/www.tucomarca.com\/wordpress\/segunda\/wp-json\/wp\/v2\/posts"}],"about":[{"href":"https:\/\/www.tucomarca.com\/wordpress\/segunda\/wp-json\/wp\/v2\/types\/post"}],"author":[{"embeddable":true,"href":"https:\/\/www.tucomarca.com\/wordpress\/segunda\/wp-json\/wp\/v2\/users\/1"}],"replies":[{"embeddable":true,"href":"https:\/\/www.tucomarca.com\/wordpress\/segunda\/wp-json\/wp\/v2\/comments?post=160565"}],"version-history":[{"count":0,"href":"https:\/\/www.tucomarca.com\/wordpress\/segunda\/wp-json\/wp\/v2\/posts\/160565\/revisions"}],"wp:featuredmedia":[{"embeddable":true,"href":"https:\/\/www.tucomarca.com\/wordpress\/segunda\/wp-json\/wp\/v2\/media\/160566"}],"wp:attachment":[{"href":"https:\/\/www.tucomarca.com\/wordpress\/segunda\/wp-json\/wp\/v2\/media?parent=160565"}],"wp:term":[{"taxonomy":"category","embeddable":true,"href":"https:\/\/www.tucomarca.com\/wordpress\/segunda\/wp-json\/wp\/v2\/categories?post=160565"},{"taxonomy":"post_tag","embeddable":true,"href":"https:\/\/www.tucomarca.com\/wordpress\/segunda\/wp-json\/wp\/v2\/tags?post=160565"}],"curies":[{"name":"wp","href":"https:\/\/api.w.org\/{rel}","templated":true}]}}