{"id":160573,"date":"2022-06-30T17:30:00","date_gmt":"2022-06-30T15:30:00","guid":{"rendered":"http:\/\/www.tucomarca.com\/wordpress\/segunda\/?p=160573"},"modified":"2022-06-30T19:04:32","modified_gmt":"2022-06-30T17:04:32","slug":"el-lateral-angel-moran-vuelve-al-cd-bunol","status":"publish","type":"post","link":"https:\/\/www.tucomarca.com\/wordpress\/segunda\/el-lateral-angel-moran-vuelve-al-cd-bunol\/","title":{"rendered":"El lateral \u00c1ngel Mor\u00e1n vuelve al CD Bu\u00f1ol"},"content":{"rendered":"\n<p>El jugador bu\u00f1olense \u00c1ngel Mor\u00e1n retorna al CD Bu\u00f1ol, tal como han informado desde la directiva del club blanco. <\/p>\n\n\n\n<p>\u00abEl jugador m\u00e1s maduro y enormemente ilusionado por su retorno al equipo de su pueblo, volver\u00e1 correr la banda del Beltr\u00e1n B\u00e1guena\u00bb, han explicado fuentes del CD Bu\u00f1ol, desde donde se conf\u00eda \u00abenormemente en el regreso del extremo blanco. De este modo, uno de los jugadores con m\u00e1s proyecci\u00f3n de las \u00faltimas temporadas regresa a casa. No en vano \u00c1ngel supero la treintena de partidos en las ultimas temporadas del club en Tercera Divisi\u00f3n\u00bb.<\/p>\n\n\n\n<p>\u00abEl talentoso jugador milit\u00f3 en las categor\u00edas inferiores del Levante UD,\u00a0para posteriormente pasar al\u00a0Juvenil Divisi\u00f3n de Honor del Valencia CF, con el Pipo Baraja como entrenador. En cuanto a su etapa en\u00a0Tercera, adem\u00e1s de en el\u00a0Bu\u00f1ol, el atacante pas\u00f3 por las filas del Elche Ilicitano y el Alzira, as\u00ed como por clubes como el CD Cheste, SC Requena\u00a0 CD Utiel\u00bb.<\/p>\n","protected":false},"excerpt":{"rendered":"<div class=\"mh-excerpt\">El jugador bu\u00f1olense \u00c1ngel Mor\u00e1n retorna al CD Bu\u00f1ol, tal como han informado desde la directiva del club blanco. \u00abEl jugador m\u00e1s maduro y enormemente ilusionado por su retorno al equipo de su pueblo, volver\u00e1 <a class=\"mh-excerpt-more\" href=\"https:\/\/www.tucomarca.com\/wordpress\/segunda\/el-lateral-angel-moran-vuelve-al-cd-bunol\/\" title=\"El lateral \u00c1ngel Mor\u00e1n vuelve al CD Bu\u00f1ol\">[+] <\/a><\/div>\n","protected":false},"author":1,"featured_media":63672,"comment_status":"open","ping_status":"open","sticky":false,"template":"","format":"standard","meta":{"footnotes":""},"categories":[18,50,6,10,3],"tags":[537,10379,44,5952],"class_list":{"0":"post-160573","1":"post","2":"type-post","3":"status-publish","4":"format-standard","5":"has-post-thumbnail","7":"category-bunol","8":"category-futbol-deportes","9":"category-deportes","10":"category-la-hoya","11":"category-seccion","12":"tag-cd-bunol","13":"tag-deportes","14":"tag-futbol","15":"tag-la-hoya-de-bunol-chiva"},"_links":{"self":[{"href":"https:\/\/www.tucomarca.com\/wordpress\/segunda\/wp-json\/wp\/v2\/posts\/160573","targetHints":{"allow":["GET"]}}],"collection":[{"href":"https:\/\/www.tucomarca.com\/wordpress\/segunda\/wp-json\/wp\/v2\/posts"}],"about":[{"href":"https:\/\/www.tucomarca.com\/wordpress\/segunda\/wp-json\/wp\/v2\/types\/post"}],"author":[{"embeddable":true,"href":"https:\/\/www.tucomarca.com\/wordpress\/segunda\/wp-json\/wp\/v2\/users\/1"}],"replies":[{"embeddable":true,"href":"https:\/\/www.tucomarca.com\/wordpress\/segunda\/wp-json\/wp\/v2\/comments?post=160573"}],"version-history":[{"count":0,"href":"https:\/\/www.tucomarca.com\/wordpress\/segunda\/wp-json\/wp\/v2\/posts\/160573\/revisions"}],"wp:featuredmedia":[{"embeddable":true,"href":"https:\/\/www.tucomarca.com\/wordpress\/segunda\/wp-json\/wp\/v2\/media\/63672"}],"wp:attachment":[{"href":"https:\/\/www.tucomarca.com\/wordpress\/segunda\/wp-json\/wp\/v2\/media?parent=160573"}],"wp:term":[{"taxonomy":"category","embeddable":true,"href":"https:\/\/www.tucomarca.com\/wordpress\/segunda\/wp-json\/wp\/v2\/categories?post=160573"},{"taxonomy":"post_tag","embeddable":true,"href":"https:\/\/www.tucomarca.com\/wordpress\/segunda\/wp-json\/wp\/v2\/tags?post=160573"}],"curies":[{"name":"wp","href":"https:\/\/api.w.org\/{rel}","templated":true}]}}