{"id":160586,"date":"2022-06-30T09:30:00","date_gmt":"2022-06-30T07:30:00","guid":{"rendered":"http:\/\/www.tucomarca.com\/wordpress\/segunda\/?p=160586"},"modified":"2022-06-30T19:32:07","modified_gmt":"2022-06-30T17:32:07","slug":"csif-denuncia-que-sanitat-incumple-su-plan-de-igualdad-al-pagar-menos-a-una-trabajadora-embarazada-de-la-ribera","status":"publish","type":"post","link":"https:\/\/www.tucomarca.com\/wordpress\/segunda\/csif-denuncia-que-sanitat-incumple-su-plan-de-igualdad-al-pagar-menos-a-una-trabajadora-embarazada-de-la-ribera\/","title":{"rendered":"CSIF denuncia que Sanitat \u00abincumple su Plan de Igualdad al pagar menos a una trabajadora embarazada de la Ribera\u00bb"},"content":{"rendered":"\n<p><strong>El sindicato exige a Conselleria que resuelva esta situaci\u00f3n de discriminaci\u00f3n para evitar llegar a juicio<\/strong><\/p>\n\n\n\n<p>El sindicato CSIF exige a Conselleria de Sanitat que cumpla su propio Plan de Igualdad y que pague su salario \u00edntegro a una trabajadora laboral embarazada del departamento de salud de la Ribera con un puesto adaptado. El sindicato recuerda que el citado Plan de Igualdad reconoce \u201cel derecho a las mujeres trabajadoras embarazadas a que la adaptaci\u00f3n del puesto laboral no suponga una merma econ\u00f3mica\u201d.<\/p>\n\n\n\n<p>La Central Sindical Independiente y de Funcionarios (CSIF) lamenta que \u201cConselleria siga discriminando a trabajadoras en adaptaci\u00f3n de puesto de trabajo\u201d y recuerda que \u201cla Administraci\u00f3n ya fue condenada por un hecho de estas caracter\u00edsticas y obligada a pagar todos los conceptos retributivos que hab\u00edan suprimido a la afectada al adaptar su puesto de trabajo\u201d.<\/p>\n\n\n\n<p>El sindicato se\u00f1ala que en el caso de la trabajadora del departamento de salud de la Ribera, que est\u00e1 dejando de percibir complementos como festivos o noches, \u201cregistr\u00f3 petici\u00f3n el 12 de abril para que le abonaran todas las retribuciones dejadas de percibir por su situaci\u00f3n de adaptaci\u00f3n del puesto de trabajo desde el mes de febrero\u201d. No obstante, \u201ca d\u00eda de hoy esta solicitud ni ha sido contestada ni atendida, por lo que la trabajadora sigue percibiendo menos retribuci\u00f3n que si no estuviera embarazada\u201d.&nbsp;<\/p>\n\n\n\n<p>CSIF urge a Conselleria a \u201cresolver de oficio estas situaciones desde las direcciones de recursos humanos una vez sean conocedoras de la situaci\u00f3n de adaptaci\u00f3n de puesto. De esa forma evitar\u00eda que los procesos lleguen a judicializarse, con el estr\u00e9s innecesario que esto supone para las trabajadoras embarazadas, a parte de la merma econ\u00f3mica\u201d.<\/p>\n\n\n\n<p>La central sindical avisa que va a poner en conocimiento de la Unidad de Igualdad de Conselleria esta situaci\u00f3n, \u201cadem\u00e1s de estudiar las posibles accesiones legales contra los responsables de esta discriminaci\u00f3n al personal laboral\u201d.<\/p>\n","protected":false},"excerpt":{"rendered":"<div class=\"mh-excerpt\">El sindicato exige a Conselleria que resuelva esta situaci\u00f3n de discriminaci\u00f3n para evitar llegar a juicio El sindicato CSIF exige a Conselleria de Sanitat que cumpla su propio Plan de Igualdad y que pague su <a class=\"mh-excerpt-more\" href=\"https:\/\/www.tucomarca.com\/wordpress\/segunda\/csif-denuncia-que-sanitat-incumple-su-plan-de-igualdad-al-pagar-menos-a-una-trabajadora-embarazada-de-la-ribera\/\" title=\"CSIF denuncia que Sanitat \u00abincumple su Plan de Igualdad al pagar menos a una trabajadora embarazada de la Ribera\u00bb\">[+] <\/a><\/div>\n","protected":false},"author":13,"featured_media":133090,"comment_status":"open","ping_status":"open","sticky":false,"template":"","format":"standard","meta":{"footnotes":""},"categories":[69,119,128,8,72,42,142,3,116],"tags":[381,2228,3640,1972],"class_list":{"0":"post-160586","1":"post","2":"type-post","3":"status-publish","4":"format-standard","5":"has-post-thumbnail","7":"category-alzira","8":"category-sanidad-la-comarca","9":"category-infraestructuras","10":"category-la-comarca","11":"category-sin-categorizar","12":"category-la-ribera","13":"category-politica-la-comarca","14":"category-seccion","15":"category-sucesos-la-comarca","16":"tag-csif","17":"tag-igualdad","18":"tag-la-ribera-alta","19":"tag-sanitat"},"_links":{"self":[{"href":"https:\/\/www.tucomarca.com\/wordpress\/segunda\/wp-json\/wp\/v2\/posts\/160586","targetHints":{"allow":["GET"]}}],"collection":[{"href":"https:\/\/www.tucomarca.com\/wordpress\/segunda\/wp-json\/wp\/v2\/posts"}],"about":[{"href":"https:\/\/www.tucomarca.com\/wordpress\/segunda\/wp-json\/wp\/v2\/types\/post"}],"author":[{"embeddable":true,"href":"https:\/\/www.tucomarca.com\/wordpress\/segunda\/wp-json\/wp\/v2\/users\/13"}],"replies":[{"embeddable":true,"href":"https:\/\/www.tucomarca.com\/wordpress\/segunda\/wp-json\/wp\/v2\/comments?post=160586"}],"version-history":[{"count":0,"href":"https:\/\/www.tucomarca.com\/wordpress\/segunda\/wp-json\/wp\/v2\/posts\/160586\/revisions"}],"wp:featuredmedia":[{"embeddable":true,"href":"https:\/\/www.tucomarca.com\/wordpress\/segunda\/wp-json\/wp\/v2\/media\/133090"}],"wp:attachment":[{"href":"https:\/\/www.tucomarca.com\/wordpress\/segunda\/wp-json\/wp\/v2\/media?parent=160586"}],"wp:term":[{"taxonomy":"category","embeddable":true,"href":"https:\/\/www.tucomarca.com\/wordpress\/segunda\/wp-json\/wp\/v2\/categories?post=160586"},{"taxonomy":"post_tag","embeddable":true,"href":"https:\/\/www.tucomarca.com\/wordpress\/segunda\/wp-json\/wp\/v2\/tags?post=160586"}],"curies":[{"name":"wp","href":"https:\/\/api.w.org\/{rel}","templated":true}]}}