{"id":160593,"date":"2022-06-30T10:38:00","date_gmt":"2022-06-30T08:38:00","guid":{"rendered":"http:\/\/www.tucomarca.com\/wordpress\/segunda\/?p=160593"},"modified":"2022-06-30T19:54:54","modified_gmt":"2022-06-30T17:54:54","slug":"riba-roja-de-turia-situa-la-renta-media-neta-por-habitante-en-12-439-euros-al-ano-tras-aumentar-un-47-y-supera-la-renta-media-estatal-en-otros-147-euros","status":"publish","type":"post","link":"https:\/\/www.tucomarca.com\/wordpress\/segunda\/riba-roja-de-turia-situa-la-renta-media-neta-por-habitante-en-12-439-euros-al-ano-tras-aumentar-un-47-y-supera-la-renta-media-estatal-en-otros-147-euros\/","title":{"rendered":"Riba-roja de T\u00faria sit\u00faa la renta media neta por habitante en 12.439 euros al a\u00f1o tras aumentar un 4\u20197% y supera la renta media estatal en otros 147 euros"},"content":{"rendered":"\n<p><em><strong>El INE publica los datos sobre los indicadores urbanos en materia econ\u00f3mica en los municipios de m\u00e1s de 20.000 habitantes y analiza su evoluci\u00f3n a lo largo desde el a\u00f1o 2015 al 2019&nbsp; &nbsp;<\/strong><\/em><\/p>\n\n\n\n<p>La localidad de Riba-roja de T\u00faria ha situado en 12.439 euros la renta neta media anual por habitante durante el a\u00f1o 2019 y supera en un total de 147 euros la media en el resto de Espa\u00f1a fijada en 12.292 euros. El municipio se circunscribe, de esta forma, en el grupo de localidades de la Comunitat Valenciana mayores de 20.000 habitantes que tienen una renta superior a la del resto de municipio espa\u00f1oles.&nbsp;<\/p>\n\n\n\n<p>Los datos est\u00e1n incluidos en el informe publicado por el Instituto Nacional de Estad\u00edstica (INE) sobre los indicadores urbanos que este organismo p\u00fablico da a conocer entre las grandes ciudades, en relaci\u00f3n a aspectos como el n\u00famero de habitantes en total, la segmentaci\u00f3n de la misma por grupos de edad, la proporci\u00f3n entre nacionales y extranjeros, la cantidad de hogares en cada municipio, as\u00ed como el tama\u00f1o medio y, por \u00faltimo, la renta media de todos sus vecinos empadronados.<\/p>\n\n\n\n<p>La localidad de Riba-roja de T\u00faria ha aumentado su renta media anual por habitante en 1.847 euros entre los a\u00f1os 2015 y 2019, al pasar de los 10.592 euros a los 12.439 euros, respectivamente, es decir, un incremento del 15% entre ambos periodos. Adem\u00e1s, esta localidad se coloca en segunda posici\u00f3n, tras B\u00e9tera con 14.707 euros, entre aquellos municipios de m\u00e1s de 20.000 habitantes de Camp de T\u00faria que en la actualidad tienen mayor renta econ\u00f3mica. &nbsp;<\/p>\n\n\n\n<p>De esta forma, de los 10.592 euros por habitante que hab\u00eda en Riba-roja de T\u00faria en el a\u00f1o 2015 correspondiente a renta neta media por habitante se pas\u00f3 a los 10.676 euros del siguiente ejercicio del a\u00f1o 2016, a continuaci\u00f3n, el municipio se situ\u00f3 en una renta media de 11.261 euros por habitante en el ejercicio de 2017, y, m\u00e1s tarde en el a\u00f1o 2018 se coloc\u00f3 en otros 11.864 euros de renta neta por habitante hasta, finalmente, alcanzar los 12.439 euros del a\u00f1o 2019. En cinco a\u00f1os se ha aumentado en 1.847 euros netos.&nbsp;<\/p>\n\n\n\n<p>El an\u00e1lisis del INE tambi\u00e9n se centra en la renta media neta anual por unidad de consumo, que de los 16.404 euros del a\u00f1o 2015 se ha pasado a los 19.176 euros del ejercicio de 2019, es decir, un incremento de hasta de 2.772 euros entre ambos periodos. Adem\u00e1s, el Instituto Nacional de Estad\u00edstica publica que en Riba-roja de T\u00faria la renta neta media anual por hogares se ha pasado de los 29.402 euros en el a\u00f1o 2015 a los 34.651 del ejercicio de 2019, es decir, un aumento de 5.249 euros en total.&nbsp;<\/p>\n\n\n\n<p>La evoluci\u00f3n de las estad\u00edsticas publicadas por el INE permite extraer conclusiones sobre una mejora notable en el incremento del poder adquisitivo en las familias, especialmente en aquellos municipios que m\u00e1s se acercan a la media estatal. El organismo p\u00fablico establece, adem\u00e1s, una conexi\u00f3n directa entre el nivel de la renta de una localidad con la tasa de paro de la misma, de forma que el aumento de la renta supone una menor tasa de desempleo en una zona determinada.&nbsp;<\/p>\n\n\n\n<p>En el caso de Riba-roja de T\u00faria, esta tendencia se cumple por completa, de tal forma que el nivel de la tasa de desempleo en el a\u00f1o 2015 se situaba en 2.055 personas, que se redujeron hasta los 1.996 parados en el ejercicio de 2016, m\u00e1s tarde la evoluci\u00f3n del nivel de paro se volvi\u00f3 a rebajar hasta los 1.767 en el a\u00f1o 2017, a continuaci\u00f3n, volvi\u00f3 a disminuir hasta los 1.558 del a\u00f1o 2018 y en el a\u00f1o 2019 la tasa de paro, en el a\u00f1o pre-pandemia, se situ\u00f3 en 1.466 desempleados. En la actualidad, e paro se sit\u00faa en 1.377 personas en total, a fecha de mayo pasado.&nbsp;<\/p>\n\n\n\n<p>El alcalde de Riba-roja de T\u00faria, Robert Raga, ha subrayado que se trata de una estad\u00edstica \u201cpositiva para las familias de nuestro municipio en t\u00e9rminos de renta por habitante anual pero no debemos caer en triunfalismos, queda mucho por hacer, nos debe servir de acicate para continuar en la misma l\u00ednea de trabajo que llevamos a cabo durante los \u00faltimos ejercicios, de apoyo a las familias que tienen mayores problemas sociales y econ\u00f3micas y, al mismo tiempo, debemos seguir apostando por nuestras pymes que aportan riqueza y, de esta forma, reducir el desempleo al m\u00ednimo\u201d.&nbsp;<\/p>\n","protected":false},"excerpt":{"rendered":"<div class=\"mh-excerpt\">El INE publica los datos sobre los indicadores urbanos en materia econ\u00f3mica en los municipios de m\u00e1s de 20.000 habitantes y analiza su evoluci\u00f3n a lo largo desde el a\u00f1o 2015 al 2019&nbsp; &nbsp; La <a class=\"mh-excerpt-more\" href=\"https:\/\/www.tucomarca.com\/wordpress\/segunda\/riba-roja-de-turia-situa-la-renta-media-neta-por-habitante-en-12-439-euros-al-ano-tras-aumentar-un-47-y-supera-la-renta-media-estatal-en-otros-147-euros\/\" title=\"Riba-roja de T\u00faria sit\u00faa la renta media neta por habitante en 12.439 euros al a\u00f1o tras aumentar un 4\u20197% y supera la renta media estatal en otros 147 euros\">[+] <\/a><\/div>\n","protected":false},"author":13,"featured_media":160596,"comment_status":"open","ping_status":"open","sticky":false,"template":"","format":"standard","meta":{"footnotes":""},"categories":[46,128,8,142,182,3],"tags":[10395,1504],"class_list":{"0":"post-160593","1":"post","2":"type-post","3":"status-publish","4":"format-standard","5":"has-post-thumbnail","7":"category-camp-de-turia","8":"category-infraestructuras","9":"category-la-comarca","10":"category-politica-la-comarca","11":"category-riba-roja","12":"category-seccion","13":"tag-camp-de-turia","14":"tag-riba-roja-2"},"_links":{"self":[{"href":"https:\/\/www.tucomarca.com\/wordpress\/segunda\/wp-json\/wp\/v2\/posts\/160593","targetHints":{"allow":["GET"]}}],"collection":[{"href":"https:\/\/www.tucomarca.com\/wordpress\/segunda\/wp-json\/wp\/v2\/posts"}],"about":[{"href":"https:\/\/www.tucomarca.com\/wordpress\/segunda\/wp-json\/wp\/v2\/types\/post"}],"author":[{"embeddable":true,"href":"https:\/\/www.tucomarca.com\/wordpress\/segunda\/wp-json\/wp\/v2\/users\/13"}],"replies":[{"embeddable":true,"href":"https:\/\/www.tucomarca.com\/wordpress\/segunda\/wp-json\/wp\/v2\/comments?post=160593"}],"version-history":[{"count":0,"href":"https:\/\/www.tucomarca.com\/wordpress\/segunda\/wp-json\/wp\/v2\/posts\/160593\/revisions"}],"wp:featuredmedia":[{"embeddable":true,"href":"https:\/\/www.tucomarca.com\/wordpress\/segunda\/wp-json\/wp\/v2\/media\/160596"}],"wp:attachment":[{"href":"https:\/\/www.tucomarca.com\/wordpress\/segunda\/wp-json\/wp\/v2\/media?parent=160593"}],"wp:term":[{"taxonomy":"category","embeddable":true,"href":"https:\/\/www.tucomarca.com\/wordpress\/segunda\/wp-json\/wp\/v2\/categories?post=160593"},{"taxonomy":"post_tag","embeddable":true,"href":"https:\/\/www.tucomarca.com\/wordpress\/segunda\/wp-json\/wp\/v2\/tags?post=160593"}],"curies":[{"name":"wp","href":"https:\/\/api.w.org\/{rel}","templated":true}]}}