{"id":160601,"date":"2022-06-30T17:05:00","date_gmt":"2022-06-30T15:05:00","guid":{"rendered":"http:\/\/www.tucomarca.com\/wordpress\/segunda\/?p=160601"},"modified":"2022-06-30T20:00:08","modified_gmt":"2022-06-30T18:00:08","slug":"la-do-utiel-requena-organiza-un-tardeo-con-una-feria-de-17-bodegas","status":"publish","type":"post","link":"https:\/\/www.tucomarca.com\/wordpress\/segunda\/la-do-utiel-requena-organiza-un-tardeo-con-una-feria-de-17-bodegas\/","title":{"rendered":"La DO Utiel-Requena organiza un tardeo con una feria de 17 bodegas"},"content":{"rendered":"\n<p>La Denominaci\u00f3n de Origen Utiel-Requena inaugura la temporada estival con un tardeo al que asistir\u00e1n 17 de sus bodegas. El d\u00eda escogido para el evento es el viernes 1 de julio en horario de 19.30h a 22.30h.&nbsp; En este evento, el p\u00fablico podr\u00e1 degustar hasta tres referencias de todas las bodegas participantes de entre las variedades blancos, rosados, tintos y espumosos. La entrada ser\u00e1 libre hasta completar el aforo y cada stand vender\u00e1 sus propias degustaciones a los asistentes.<\/p>\n\n\n\n<p>El evento se celebrar\u00e1 en un lugar hist\u00f3rico y emblem\u00e1tico como es el Patio de Armas del Castillo de Requena. Nace con un esp\u00edritu itinerante, es decir, cada a\u00f1o tendr\u00e1 lugar en un municipio de la comarca.<\/p>\n\n\n\n<p>La feria de bodegas, con venta in situ de consumiciones, estar\u00e1 maridada por el grupo de m\u00fasica Se\u00f1or Miyagi, as\u00ed como de gastronom\u00eda de asociaciones y empresas de la zona Utiel-Requena, fomentando el consumo de producto de km 0 o de proximidad, y el reconocimiento del tejido empresarial y social de este territorio de interior.<\/p>\n\n\n\n<p>Tras el par\u00f3n pand\u00e9mico, el Consejo Regulador retoma la promoci\u00f3n y disfrute de sus vinos y su reconocimiento con la gente de esta tierra que tanto trabajan por y para que la DO Utiel-Requena sea una marca de prestigio y calidad.<\/p>\n\n\n\n<p>Listado de bodegas participantes en el evento las bodegas siguientes: Chozas Carrascal, Las Mercedes del Cabriel, Sierra Norte, Carlos C\u00e1rcel, Covi\u00f1as, Del Valle, Jim\u00e9nez -Vila Hnos. Rebollar Ernesto C\u00e1rcel, Rodeno, Utielanas, Vegalfaro, Vibe ,Faustino Rivero Ulecia, Valsangiacomo, Vera de Estenas, Vin\u00edcola Requenense y Vinos y Sabores Ecol\u00f3gicos. Informa, <strong>Luis Ib\u00e1\u00f1ez<\/strong>.<\/p>\n","protected":false},"excerpt":{"rendered":"<div class=\"mh-excerpt\">La Denominaci\u00f3n de Origen Utiel-Requena inaugura la temporada estival con un tardeo al que asistir\u00e1n 17 de sus bodegas. El d\u00eda escogido para el evento es el viernes 1 de julio en horario de 19.30h <a class=\"mh-excerpt-more\" href=\"https:\/\/www.tucomarca.com\/wordpress\/segunda\/la-do-utiel-requena-organiza-un-tardeo-con-una-feria-de-17-bodegas\/\" title=\"La DO Utiel-Requena organiza un tardeo con una feria de 17 bodegas\">[+] <\/a><\/div>\n","protected":false},"author":13,"featured_media":160602,"comment_status":"open","ping_status":"open","sticky":false,"template":"","format":"standard","meta":{"footnotes":""},"categories":[4,113,8,27,3],"tags":[10387,1421],"class_list":{"0":"post-160601","1":"post","2":"type-post","3":"status-publish","4":"format-standard","5":"has-post-thumbnail","7":"category-agenda","8":"category-vinos","9":"category-la-comarca","10":"category-requena-utiel","11":"category-seccion","12":"tag-requena-utiel","13":"tag-vinos-2"},"_links":{"self":[{"href":"https:\/\/www.tucomarca.com\/wordpress\/segunda\/wp-json\/wp\/v2\/posts\/160601","targetHints":{"allow":["GET"]}}],"collection":[{"href":"https:\/\/www.tucomarca.com\/wordpress\/segunda\/wp-json\/wp\/v2\/posts"}],"about":[{"href":"https:\/\/www.tucomarca.com\/wordpress\/segunda\/wp-json\/wp\/v2\/types\/post"}],"author":[{"embeddable":true,"href":"https:\/\/www.tucomarca.com\/wordpress\/segunda\/wp-json\/wp\/v2\/users\/13"}],"replies":[{"embeddable":true,"href":"https:\/\/www.tucomarca.com\/wordpress\/segunda\/wp-json\/wp\/v2\/comments?post=160601"}],"version-history":[{"count":0,"href":"https:\/\/www.tucomarca.com\/wordpress\/segunda\/wp-json\/wp\/v2\/posts\/160601\/revisions"}],"wp:featuredmedia":[{"embeddable":true,"href":"https:\/\/www.tucomarca.com\/wordpress\/segunda\/wp-json\/wp\/v2\/media\/160602"}],"wp:attachment":[{"href":"https:\/\/www.tucomarca.com\/wordpress\/segunda\/wp-json\/wp\/v2\/media?parent=160601"}],"wp:term":[{"taxonomy":"category","embeddable":true,"href":"https:\/\/www.tucomarca.com\/wordpress\/segunda\/wp-json\/wp\/v2\/categories?post=160601"},{"taxonomy":"post_tag","embeddable":true,"href":"https:\/\/www.tucomarca.com\/wordpress\/segunda\/wp-json\/wp\/v2\/tags?post=160601"}],"curies":[{"name":"wp","href":"https:\/\/api.w.org\/{rel}","templated":true}]}}