{"id":160610,"date":"2022-06-30T18:00:00","date_gmt":"2022-06-30T16:00:00","guid":{"rendered":"http:\/\/www.tucomarca.com\/wordpress\/segunda\/?p=160610"},"modified":"2022-06-30T22:18:42","modified_gmt":"2022-06-30T20:18:42","slug":"bunol-volvera-a-contar-este-ano-con-la-carrera-10k-de-la-feria-y-fiestas-homenaje-a-raquel-lavilla","status":"publish","type":"post","link":"https:\/\/www.tucomarca.com\/wordpress\/segunda\/bunol-volvera-a-contar-este-ano-con-la-carrera-10k-de-la-feria-y-fiestas-homenaje-a-raquel-lavilla\/","title":{"rendered":"Bu\u00f1ol volver\u00e1 a contar este a\u00f1o con la carrera 10k de la Feria y Fiestas-Homenaje a Raquel Lavilla"},"content":{"rendered":"\n<h4 class=\"wp-block-heading\"><strong>El pr\u00f3ximo martes, 6 de julio, se presentar\u00e1 el cartel en la reuni\u00f3n convocada por la concejal\u00eda de Deportes del Ayuntamiento de Bu\u00f1ol.<\/strong><\/h4>\n\n\n\n<p>Desde las concejal\u00edas de Deportes y Cultura Popular se confirma que este a\u00f1o vuelve la \u00abCarrera 10K de Feria y Fiestas &#8211; Homenaje a Raquel Lavilla\u00bb. La inscripci\u00f3n en la prueba ser\u00e1 \u00abgratuita para los corredores y corredoras bu\u00f1olenses, recuperando para su desarrollo el jueves previo al viernes de ferias (25 de agosto) y su salida desde la plaza Layana como ven\u00eda siendo habitual\u00bb, tal como ha informado el responsable del \u00e1rea de Deportes del Ayuntamiento de Bu\u00f1ol, Manuel Sierra. <\/p>\n\n\n\n<p>El concejal ha adelantado que pr\u00f3ximamente \u00abse informar\u00e1 sobre el proceso de inscripci\u00f3n para participantes y colaboradores\u00bb; y ha avanzado que el pr\u00f3ximo mi\u00e9rcoles, 6 de julio, a las 10,00 horas se presentar\u00e1 el cartel anunciador en el sal\u00f3n de plenos del Ayuntamiento.<\/p>\n","protected":false},"excerpt":{"rendered":"<div class=\"mh-excerpt\">El pr\u00f3ximo martes, 6 de julio, se presentar\u00e1 el cartel en la reuni\u00f3n convocada por la concejal\u00eda de Deportes del Ayuntamiento de Bu\u00f1ol. Desde las concejal\u00edas de Deportes y Cultura Popular se confirma que este <a class=\"mh-excerpt-more\" href=\"https:\/\/www.tucomarca.com\/wordpress\/segunda\/bunol-volvera-a-contar-este-ano-con-la-carrera-10k-de-la-feria-y-fiestas-homenaje-a-raquel-lavilla\/\" title=\"Bu\u00f1ol volver\u00e1 a contar este a\u00f1o con la carrera 10k de la Feria y Fiestas-Homenaje a Raquel Lavilla\">[+] <\/a><\/div>\n","protected":false},"author":1,"featured_media":73342,"comment_status":"open","ping_status":"open","sticky":false,"template":"","format":"standard","meta":{"footnotes":""},"categories":[98,18,6,10,3],"tags":[10385,10379,5952],"class_list":{"0":"post-160610","1":"post","2":"type-post","3":"status-publish","4":"format-standard","5":"has-post-thumbnail","7":"category-atletismo","8":"category-bunol","9":"category-deportes","10":"category-la-hoya","11":"category-seccion","12":"tag-bunol","13":"tag-deportes","14":"tag-la-hoya-de-bunol-chiva"},"_links":{"self":[{"href":"https:\/\/www.tucomarca.com\/wordpress\/segunda\/wp-json\/wp\/v2\/posts\/160610","targetHints":{"allow":["GET"]}}],"collection":[{"href":"https:\/\/www.tucomarca.com\/wordpress\/segunda\/wp-json\/wp\/v2\/posts"}],"about":[{"href":"https:\/\/www.tucomarca.com\/wordpress\/segunda\/wp-json\/wp\/v2\/types\/post"}],"author":[{"embeddable":true,"href":"https:\/\/www.tucomarca.com\/wordpress\/segunda\/wp-json\/wp\/v2\/users\/1"}],"replies":[{"embeddable":true,"href":"https:\/\/www.tucomarca.com\/wordpress\/segunda\/wp-json\/wp\/v2\/comments?post=160610"}],"version-history":[{"count":0,"href":"https:\/\/www.tucomarca.com\/wordpress\/segunda\/wp-json\/wp\/v2\/posts\/160610\/revisions"}],"wp:featuredmedia":[{"embeddable":true,"href":"https:\/\/www.tucomarca.com\/wordpress\/segunda\/wp-json\/wp\/v2\/media\/73342"}],"wp:attachment":[{"href":"https:\/\/www.tucomarca.com\/wordpress\/segunda\/wp-json\/wp\/v2\/media?parent=160610"}],"wp:term":[{"taxonomy":"category","embeddable":true,"href":"https:\/\/www.tucomarca.com\/wordpress\/segunda\/wp-json\/wp\/v2\/categories?post=160610"},{"taxonomy":"post_tag","embeddable":true,"href":"https:\/\/www.tucomarca.com\/wordpress\/segunda\/wp-json\/wp\/v2\/tags?post=160610"}],"curies":[{"name":"wp","href":"https:\/\/api.w.org\/{rel}","templated":true}]}}