{"id":160677,"date":"2022-07-01T15:30:00","date_gmt":"2022-07-01T13:30:00","guid":{"rendered":"http:\/\/www.tucomarca.com\/wordpress\/segunda\/?p=160677"},"modified":"2022-07-01T21:50:01","modified_gmt":"2022-07-01T19:50:01","slug":"la-concejalia-de-deportes-publica-en-calendario-definitivo-de-los-partidos-del-torneo-de-futbol-sala-de-verano","status":"publish","type":"post","link":"https:\/\/www.tucomarca.com\/wordpress\/segunda\/la-concejalia-de-deportes-publica-en-calendario-definitivo-de-los-partidos-del-torneo-de-futbol-sala-de-verano\/","title":{"rendered":"La concejal\u00eda de Deportes publica en calendario definitivo de los partidos del torneo de f\u00fatbol sala de verano"},"content":{"rendered":"\n<p>La concejal\u00eda de Deportes del Ayuntamiento de Bu\u00f1ol ha hecho p\u00fablico el calendario de partidos del Torneo de F\u00fatbol Sala de Bu\u00f1ol Verano 2022, campeonato que se iniciar\u00e1 el pr\u00f3ximo 4 de julio y se prolongar\u00e1 hasta el 24 de agosto en el polideportivo de la piscina municipal de la localidad,<\/p>\n\n\n\n<figure class=\"wp-block-image size-large\"><img loading=\"lazy\" decoding=\"async\" width=\"1024\" height=\"596\" src=\"https:\/\/www.tucomarca.com\/wordpress\/segunda\/wp-content\/uploads\/2022\/07\/CalendarioFutsalBunol22_D-1024x596.jpg\" alt=\"\" class=\"wp-image-160688\" srcset=\"https:\/\/www.tucomarca.com\/wordpress\/segunda\/wp-content\/uploads\/2022\/07\/CalendarioFutsalBunol22_D-1024x596.jpg 1024w, https:\/\/www.tucomarca.com\/wordpress\/segunda\/wp-content\/uploads\/2022\/07\/CalendarioFutsalBunol22_D-300x175.jpg 300w, https:\/\/www.tucomarca.com\/wordpress\/segunda\/wp-content\/uploads\/2022\/07\/CalendarioFutsalBunol22_D-768x447.jpg 768w, https:\/\/www.tucomarca.com\/wordpress\/segunda\/wp-content\/uploads\/2022\/07\/CalendarioFutsalBunol22_D.jpg 1251w\" sizes=\"auto, (max-width: 1024px) 100vw, 1024px\" \/><\/figure>\n\n\n\n<figure class=\"wp-block-image size-large\"><img loading=\"lazy\" decoding=\"async\" width=\"1024\" height=\"632\" src=\"https:\/\/www.tucomarca.com\/wordpress\/segunda\/wp-content\/uploads\/2022\/07\/CalendarioFutsalBunol22_C-1024x632.jpg\" alt=\"\" class=\"wp-image-160686\" srcset=\"https:\/\/www.tucomarca.com\/wordpress\/segunda\/wp-content\/uploads\/2022\/07\/CalendarioFutsalBunol22_C-1024x632.jpg 1024w, https:\/\/www.tucomarca.com\/wordpress\/segunda\/wp-content\/uploads\/2022\/07\/CalendarioFutsalBunol22_C-300x185.jpg 300w, https:\/\/www.tucomarca.com\/wordpress\/segunda\/wp-content\/uploads\/2022\/07\/CalendarioFutsalBunol22_C-768x474.jpg 768w, https:\/\/www.tucomarca.com\/wordpress\/segunda\/wp-content\/uploads\/2022\/07\/CalendarioFutsalBunol22_C.jpg 1219w\" sizes=\"auto, (max-width: 1024px) 100vw, 1024px\" \/><\/figure>\n\n\n\n<figure class=\"wp-block-image size-large\"><img loading=\"lazy\" decoding=\"async\" width=\"1024\" height=\"639\" src=\"https:\/\/www.tucomarca.com\/wordpress\/segunda\/wp-content\/uploads\/2022\/07\/CalendarioFutsalBunol22_B-1024x639.jpg\" alt=\"\" class=\"wp-image-160684\" srcset=\"https:\/\/www.tucomarca.com\/wordpress\/segunda\/wp-content\/uploads\/2022\/07\/CalendarioFutsalBunol22_B-1024x639.jpg 1024w, https:\/\/www.tucomarca.com\/wordpress\/segunda\/wp-content\/uploads\/2022\/07\/CalendarioFutsalBunol22_B-300x187.jpg 300w, https:\/\/www.tucomarca.com\/wordpress\/segunda\/wp-content\/uploads\/2022\/07\/CalendarioFutsalBunol22_B-768x479.jpg 768w, https:\/\/www.tucomarca.com\/wordpress\/segunda\/wp-content\/uploads\/2022\/07\/CalendarioFutsalBunol22_B.jpg 1228w\" sizes=\"auto, (max-width: 1024px) 100vw, 1024px\" \/><\/figure>\n\n\n\n<figure class=\"wp-block-image size-large\"><img loading=\"lazy\" decoding=\"async\" width=\"1024\" height=\"639\" src=\"https:\/\/www.tucomarca.com\/wordpress\/segunda\/wp-content\/uploads\/2022\/07\/CalendarioFutsalBunol22_A-1024x639.jpg\" alt=\"\" class=\"wp-image-160682\" srcset=\"https:\/\/www.tucomarca.com\/wordpress\/segunda\/wp-content\/uploads\/2022\/07\/CalendarioFutsalBunol22_A-1024x639.jpg 1024w, https:\/\/www.tucomarca.com\/wordpress\/segunda\/wp-content\/uploads\/2022\/07\/CalendarioFutsalBunol22_A-300x187.jpg 300w, https:\/\/www.tucomarca.com\/wordpress\/segunda\/wp-content\/uploads\/2022\/07\/CalendarioFutsalBunol22_A-768x480.jpg 768w, https:\/\/www.tucomarca.com\/wordpress\/segunda\/wp-content\/uploads\/2022\/07\/CalendarioFutsalBunol22_A.jpg 1225w\" sizes=\"auto, (max-width: 1024px) 100vw, 1024px\" \/><\/figure>\n","protected":false},"excerpt":{"rendered":"<div class=\"mh-excerpt\">La concejal\u00eda de Deportes del Ayuntamiento de Bu\u00f1ol ha hecho p\u00fablico el calendario de partidos del Torneo de F\u00fatbol Sala de Bu\u00f1ol Verano 2022, campeonato que se iniciar\u00e1 el pr\u00f3ximo 4 de julio y se <a class=\"mh-excerpt-more\" href=\"https:\/\/www.tucomarca.com\/wordpress\/segunda\/la-concejalia-de-deportes-publica-en-calendario-definitivo-de-los-partidos-del-torneo-de-futbol-sala-de-verano\/\" title=\"La concejal\u00eda de Deportes publica en calendario definitivo de los partidos del torneo de f\u00fatbol sala de verano\">[+] <\/a><\/div>\n","protected":false},"author":1,"featured_media":160682,"comment_status":"open","ping_status":"open","sticky":false,"template":"","format":"standard","meta":{"footnotes":""},"categories":[4,18,6,222,10,3],"tags":[10385,10379,10661,288,5952],"class_list":{"0":"post-160677","1":"post","2":"type-post","3":"status-publish","4":"format-standard","5":"has-post-thumbnail","7":"category-agenda","8":"category-bunol","9":"category-deportes","10":"category-futbol-sala","11":"category-la-hoya","12":"category-seccion","13":"tag-bunol","14":"tag-deportes","15":"tag-esports","16":"tag-futbol-sala-2","17":"tag-la-hoya-de-bunol-chiva"},"_links":{"self":[{"href":"https:\/\/www.tucomarca.com\/wordpress\/segunda\/wp-json\/wp\/v2\/posts\/160677","targetHints":{"allow":["GET"]}}],"collection":[{"href":"https:\/\/www.tucomarca.com\/wordpress\/segunda\/wp-json\/wp\/v2\/posts"}],"about":[{"href":"https:\/\/www.tucomarca.com\/wordpress\/segunda\/wp-json\/wp\/v2\/types\/post"}],"author":[{"embeddable":true,"href":"https:\/\/www.tucomarca.com\/wordpress\/segunda\/wp-json\/wp\/v2\/users\/1"}],"replies":[{"embeddable":true,"href":"https:\/\/www.tucomarca.com\/wordpress\/segunda\/wp-json\/wp\/v2\/comments?post=160677"}],"version-history":[{"count":0,"href":"https:\/\/www.tucomarca.com\/wordpress\/segunda\/wp-json\/wp\/v2\/posts\/160677\/revisions"}],"wp:featuredmedia":[{"embeddable":true,"href":"https:\/\/www.tucomarca.com\/wordpress\/segunda\/wp-json\/wp\/v2\/media\/160682"}],"wp:attachment":[{"href":"https:\/\/www.tucomarca.com\/wordpress\/segunda\/wp-json\/wp\/v2\/media?parent=160677"}],"wp:term":[{"taxonomy":"category","embeddable":true,"href":"https:\/\/www.tucomarca.com\/wordpress\/segunda\/wp-json\/wp\/v2\/categories?post=160677"},{"taxonomy":"post_tag","embeddable":true,"href":"https:\/\/www.tucomarca.com\/wordpress\/segunda\/wp-json\/wp\/v2\/tags?post=160677"}],"curies":[{"name":"wp","href":"https:\/\/api.w.org\/{rel}","templated":true}]}}