{"id":160738,"date":"2022-07-04T09:23:00","date_gmt":"2022-07-04T07:23:00","guid":{"rendered":"http:\/\/www.tucomarca.com\/wordpress\/segunda\/?p=160738"},"modified":"2022-07-04T13:28:20","modified_gmt":"2022-07-04T11:28:20","slug":"el-mes-de-junio-ha-sido-el-mas-seco-de-los-ultimos-20-anos-en-requena-utiel","status":"publish","type":"post","link":"https:\/\/www.tucomarca.com\/wordpress\/segunda\/el-mes-de-junio-ha-sido-el-mas-seco-de-los-ultimos-20-anos-en-requena-utiel\/","title":{"rendered":"El mes de junio ha sido el m\u00e1s seco de los \u00faltimos 20 a\u00f1os en Requena-Utiel"},"content":{"rendered":"\n<p>El mes de junio ha sido extremadamente seco en la comarca de Requena- Utiel y la cantidad media de agua de lluvia en las zonas donde ha llovido algo ha sido de tan solo 2 litros por metro cuadrado. Sin embargo, en la inmensa mayor\u00eda del territorio comarcal apenas han ca\u00eddo cuatro gotas.<\/p>\n\n\n\n<p>La lluvia de este a\u00f1o est\u00e1 teniendo un reparto irregular; pues enero, febrero, mayo y junio, han sido bastante secos y solamente marzo y abril fueron lluviosos.<\/p>\n\n\n\n<p>Los cultivos agr\u00edcolas no precisan, de momento, de mucha lluvia, debido a las abundantes precipitaciones registradas en la primera parte de la pasada primavera. No obstante, podr\u00edan resentirse a lo largo del verano. Informa, <strong>Luis Ib\u00e1\u00f1ez<\/strong>.<\/p>\n","protected":false},"excerpt":{"rendered":"<div class=\"mh-excerpt\">El mes de junio ha sido extremadamente seco en la comarca de Requena- Utiel y la cantidad media de agua de lluvia en las zonas donde ha llovido algo ha sido de tan solo 2 <a class=\"mh-excerpt-more\" href=\"https:\/\/www.tucomarca.com\/wordpress\/segunda\/el-mes-de-junio-ha-sido-el-mas-seco-de-los-ultimos-20-anos-en-requena-utiel\/\" title=\"El mes de junio ha sido el m\u00e1s seco de los \u00faltimos 20 a\u00f1os en Requena-Utiel\">[+] <\/a><\/div>\n","protected":false},"author":1,"featured_media":137589,"comment_status":"open","ping_status":"open","sticky":false,"template":"","format":"standard","meta":{"footnotes":""},"categories":[169,112,236,37,138,139,128,8,72,111,117,28,27,140,3,235,116,29,234,120],"tags":[85,2238],"class_list":{"0":"post-160738","1":"post","2":"type-post","3":"status-publish","4":"format-standard","5":"has-post-thumbnail","7":"category-agricultura-la-comarca","8":"category-campo-arcis","9":"category-camporrobles","10":"category-caudete","11":"category-chera","12":"category-fuenterrobles","13":"category-infraestructuras","14":"category-la-comarca","15":"category-sin-categorizar","16":"category-las-cuevas","17":"category-medio-ambiente-la-comarca","18":"category-requena","19":"category-requena-utiel","20":"category-san-antonio","21":"category-seccion","22":"category-sinarcas","23":"category-sucesos-la-comarca","24":"category-utiel","25":"category-venta-del-moro","26":"category-villargordo-del-cabriel","27":"tag-agricultura","28":"tag-sequia"},"_links":{"self":[{"href":"https:\/\/www.tucomarca.com\/wordpress\/segunda\/wp-json\/wp\/v2\/posts\/160738","targetHints":{"allow":["GET"]}}],"collection":[{"href":"https:\/\/www.tucomarca.com\/wordpress\/segunda\/wp-json\/wp\/v2\/posts"}],"about":[{"href":"https:\/\/www.tucomarca.com\/wordpress\/segunda\/wp-json\/wp\/v2\/types\/post"}],"author":[{"embeddable":true,"href":"https:\/\/www.tucomarca.com\/wordpress\/segunda\/wp-json\/wp\/v2\/users\/1"}],"replies":[{"embeddable":true,"href":"https:\/\/www.tucomarca.com\/wordpress\/segunda\/wp-json\/wp\/v2\/comments?post=160738"}],"version-history":[{"count":0,"href":"https:\/\/www.tucomarca.com\/wordpress\/segunda\/wp-json\/wp\/v2\/posts\/160738\/revisions"}],"wp:featuredmedia":[{"embeddable":true,"href":"https:\/\/www.tucomarca.com\/wordpress\/segunda\/wp-json\/wp\/v2\/media\/137589"}],"wp:attachment":[{"href":"https:\/\/www.tucomarca.com\/wordpress\/segunda\/wp-json\/wp\/v2\/media?parent=160738"}],"wp:term":[{"taxonomy":"category","embeddable":true,"href":"https:\/\/www.tucomarca.com\/wordpress\/segunda\/wp-json\/wp\/v2\/categories?post=160738"},{"taxonomy":"post_tag","embeddable":true,"href":"https:\/\/www.tucomarca.com\/wordpress\/segunda\/wp-json\/wp\/v2\/tags?post=160738"}],"curies":[{"name":"wp","href":"https:\/\/api.w.org\/{rel}","templated":true}]}}