{"id":160743,"date":"2022-07-04T11:30:00","date_gmt":"2022-07-04T09:30:00","guid":{"rendered":"http:\/\/www.tucomarca.com\/wordpress\/segunda\/?p=160743"},"modified":"2022-07-04T13:59:13","modified_gmt":"2022-07-04T11:59:13","slug":"arranca-el-campeonato-de-futbol-sala-de-verano-de-bunol-para-cuyo-desarrollo-se-solicita-colaboracion","status":"publish","type":"post","link":"https:\/\/www.tucomarca.com\/wordpress\/segunda\/arranca-el-campeonato-de-futbol-sala-de-verano-de-bunol-para-cuyo-desarrollo-se-solicita-colaboracion\/","title":{"rendered":"Arranca el Campeonato de F\u00fatbol Sala de Verano de Bu\u00f1ol para cuyo desarrollo se solicita colaboraci\u00f3n"},"content":{"rendered":"\n<p>Manuel Sierra, concejal de Deportes y la Asociaci\u00f3n Bu\u00f1ol Es Deporte informan a la poblaci\u00f3n de que todos los interesados en colaborar en el Campeonato de F\u00fatbol Sala de verano de Bu\u00f1ol, que arranca hoy y que llenar\u00e1 las tardes de f\u00fatbol sala el Poli de la Piscina Municipal hasta el 24 agosto, pueden asistir a la reuni\u00f3n que se realizar\u00e1 este mi\u00e9rcoles 6 de julio a las 11,00 horas en el sal\u00f3n de plenos del Ayuntamiento.<\/p>\n\n\n\n<p>En esa reuni\u00f3n se tratar\u00e1 esta cuesti\u00f3n para que todos los que quieran colaborar puedan hacerlo, y \u201centre todos llevar adelante el mejor campeonato de f\u00fatbol sala posible\u201d, recalc\u00f3 el edil Sierra.<\/p>\n","protected":false},"excerpt":{"rendered":"<div class=\"mh-excerpt\">Manuel Sierra, concejal de Deportes y la Asociaci\u00f3n Bu\u00f1ol Es Deporte informan a la poblaci\u00f3n de que todos los interesados en colaborar en el Campeonato de F\u00fatbol Sala de verano de Bu\u00f1ol, que arranca hoy <a class=\"mh-excerpt-more\" href=\"https:\/\/www.tucomarca.com\/wordpress\/segunda\/arranca-el-campeonato-de-futbol-sala-de-verano-de-bunol-para-cuyo-desarrollo-se-solicita-colaboracion\/\" title=\"Arranca el Campeonato de F\u00fatbol Sala de Verano de Bu\u00f1ol para cuyo desarrollo se solicita colaboraci\u00f3n\">[+] <\/a><\/div>\n","protected":false},"author":1,"featured_media":105131,"comment_status":"open","ping_status":"open","sticky":false,"template":"","format":"standard","meta":{"footnotes":""},"categories":[18,6,222,8,10,3],"tags":[10379,10661,288,5952],"class_list":{"0":"post-160743","1":"post","2":"type-post","3":"status-publish","4":"format-standard","5":"has-post-thumbnail","7":"category-bunol","8":"category-deportes","9":"category-futbol-sala","10":"category-la-comarca","11":"category-la-hoya","12":"category-seccion","13":"tag-deportes","14":"tag-esports","15":"tag-futbol-sala-2","16":"tag-la-hoya-de-bunol-chiva"},"_links":{"self":[{"href":"https:\/\/www.tucomarca.com\/wordpress\/segunda\/wp-json\/wp\/v2\/posts\/160743","targetHints":{"allow":["GET"]}}],"collection":[{"href":"https:\/\/www.tucomarca.com\/wordpress\/segunda\/wp-json\/wp\/v2\/posts"}],"about":[{"href":"https:\/\/www.tucomarca.com\/wordpress\/segunda\/wp-json\/wp\/v2\/types\/post"}],"author":[{"embeddable":true,"href":"https:\/\/www.tucomarca.com\/wordpress\/segunda\/wp-json\/wp\/v2\/users\/1"}],"replies":[{"embeddable":true,"href":"https:\/\/www.tucomarca.com\/wordpress\/segunda\/wp-json\/wp\/v2\/comments?post=160743"}],"version-history":[{"count":0,"href":"https:\/\/www.tucomarca.com\/wordpress\/segunda\/wp-json\/wp\/v2\/posts\/160743\/revisions"}],"wp:featuredmedia":[{"embeddable":true,"href":"https:\/\/www.tucomarca.com\/wordpress\/segunda\/wp-json\/wp\/v2\/media\/105131"}],"wp:attachment":[{"href":"https:\/\/www.tucomarca.com\/wordpress\/segunda\/wp-json\/wp\/v2\/media?parent=160743"}],"wp:term":[{"taxonomy":"category","embeddable":true,"href":"https:\/\/www.tucomarca.com\/wordpress\/segunda\/wp-json\/wp\/v2\/categories?post=160743"},{"taxonomy":"post_tag","embeddable":true,"href":"https:\/\/www.tucomarca.com\/wordpress\/segunda\/wp-json\/wp\/v2\/tags?post=160743"}],"curies":[{"name":"wp","href":"https:\/\/api.w.org\/{rel}","templated":true}]}}