{"id":160915,"date":"2022-07-05T08:00:00","date_gmt":"2022-07-05T06:00:00","guid":{"rendered":"http:\/\/www.tucomarca.com\/wordpress\/segunda\/?p=160915"},"modified":"2022-07-05T14:58:07","modified_gmt":"2022-07-05T12:58:07","slug":"el-ministerio-de-agricultura-subvenciona-la-compra-de-maquinaria-agricola","status":"publish","type":"post","link":"https:\/\/www.tucomarca.com\/wordpress\/segunda\/el-ministerio-de-agricultura-subvenciona-la-compra-de-maquinaria-agricola\/","title":{"rendered":"El Ministerio de Agricultura subvenciona la compra de maquinaria agr\u00edcola"},"content":{"rendered":"\n<p>El Ministro de Agricultura ha convocado las ayudas para el Plan Renove de Maquinaria Agr\u00edcola y podr\u00e1n ser beneficiarias de las mismas,&nbsp; las personas f\u00edsicas o jur\u00eddicas, o agrupaciones de personas f\u00edsicas o jur\u00eddicas.<\/p>\n\n\n\n<p>&nbsp;Las ayudas se podr\u00e1n pedir para la compra de tractores agr\u00edcolas, m\u00e1quinas automotrices: de recolecci\u00f3n, de aplicaci\u00f3n de productos fitosanitarios y fertilizantes, cisternas automotrices para aplicaci\u00f3n localizada de purines y equipos de manipulaci\u00f3n y carga. Tambi\u00e9n para m\u00e1quinas arrastradas o suspendidas sembradoras directas, cisternas para purines y dispositivos de aplicaci\u00f3n localizada de los mismos, abonadoras, equipos de aplicaci\u00f3n de productos fitosanitarios, y trituradoras de residuos de cosecha y poda.<\/p>\n\n\n\n<p>La cuant\u00eda m\u00e1xima de las ayudas para la nueva convocatoria es de 6.550.000 euros para el conjunto de m\u00e1quinas a subvencionar con cargo a los Presupuestos Generales del Estado de 2022. Informa, <strong>Luis Ib\u00e1\u00f1ez<\/strong>.<\/p>\n","protected":false},"excerpt":{"rendered":"<div class=\"mh-excerpt\">El Ministro de Agricultura ha convocado las ayudas para el Plan Renove de Maquinaria Agr\u00edcola y podr\u00e1n ser beneficiarias de las mismas,&nbsp; las personas f\u00edsicas o jur\u00eddicas, o agrupaciones de personas f\u00edsicas o jur\u00eddicas. &nbsp;Las <a class=\"mh-excerpt-more\" href=\"https:\/\/www.tucomarca.com\/wordpress\/segunda\/el-ministerio-de-agricultura-subvenciona-la-compra-de-maquinaria-agricola\/\" title=\"El Ministerio de Agricultura subvenciona la compra de maquinaria agr\u00edcola\">[+] <\/a><\/div>\n","protected":false},"author":13,"featured_media":146571,"comment_status":"open","ping_status":"open","sticky":false,"template":"","format":"standard","meta":{"footnotes":""},"categories":[49,169,38,46,128,70,8,72,59,142,27,3],"tags":[85,2142],"class_list":{"0":"post-160915","1":"post","2":"type-post","3":"status-publish","4":"format-standard","5":"has-post-thumbnail","7":"category-ademuz","8":"category-agricultura-la-comarca","9":"category-ayora-cofrentes","10":"category-camp-de-turia","11":"category-infraestructuras","12":"category-la-canal-de-navarres","13":"category-la-comarca","14":"category-sin-categorizar","15":"category-los-serranos","16":"category-politica-la-comarca","17":"category-requena-utiel","18":"category-seccion","19":"tag-agricultura","20":"tag-la-comunitat"},"_links":{"self":[{"href":"https:\/\/www.tucomarca.com\/wordpress\/segunda\/wp-json\/wp\/v2\/posts\/160915","targetHints":{"allow":["GET"]}}],"collection":[{"href":"https:\/\/www.tucomarca.com\/wordpress\/segunda\/wp-json\/wp\/v2\/posts"}],"about":[{"href":"https:\/\/www.tucomarca.com\/wordpress\/segunda\/wp-json\/wp\/v2\/types\/post"}],"author":[{"embeddable":true,"href":"https:\/\/www.tucomarca.com\/wordpress\/segunda\/wp-json\/wp\/v2\/users\/13"}],"replies":[{"embeddable":true,"href":"https:\/\/www.tucomarca.com\/wordpress\/segunda\/wp-json\/wp\/v2\/comments?post=160915"}],"version-history":[{"count":0,"href":"https:\/\/www.tucomarca.com\/wordpress\/segunda\/wp-json\/wp\/v2\/posts\/160915\/revisions"}],"wp:featuredmedia":[{"embeddable":true,"href":"https:\/\/www.tucomarca.com\/wordpress\/segunda\/wp-json\/wp\/v2\/media\/146571"}],"wp:attachment":[{"href":"https:\/\/www.tucomarca.com\/wordpress\/segunda\/wp-json\/wp\/v2\/media?parent=160915"}],"wp:term":[{"taxonomy":"category","embeddable":true,"href":"https:\/\/www.tucomarca.com\/wordpress\/segunda\/wp-json\/wp\/v2\/categories?post=160915"},{"taxonomy":"post_tag","embeddable":true,"href":"https:\/\/www.tucomarca.com\/wordpress\/segunda\/wp-json\/wp\/v2\/tags?post=160915"}],"curies":[{"name":"wp","href":"https:\/\/api.w.org\/{rel}","templated":true}]}}