{"id":160928,"date":"2022-07-05T09:15:00","date_gmt":"2022-07-05T07:15:00","guid":{"rendered":"http:\/\/www.tucomarca.com\/wordpress\/segunda\/?p=160928"},"modified":"2022-07-05T15:00:14","modified_gmt":"2022-07-05T13:00:14","slug":"arranca-el-campus-multideporte-en-las-instalaciones-de-la-universidad-laboral","status":"publish","type":"post","link":"https:\/\/www.tucomarca.com\/wordpress\/segunda\/arranca-el-campus-multideporte-en-las-instalaciones-de-la-universidad-laboral\/","title":{"rendered":"Arranca el Campus multideporte en las instalaciones de la Universidad Laboral"},"content":{"rendered":"\n<p>El pasado lunes comenz\u00f3 el Campus multideporte, organizado por la concejal\u00eda de Deportes, por primera vez, en el Complejo Educativo de Cheste. Este evento presenta una amplia oferta deportiva en instalaciones profesionales para los ni\u00f1os y las ni\u00f1as participantes, que estar\u00e1n alojados en el complejo durante tres d\u00edas.&nbsp;<\/p>\n\n\n\n<p>El concejal de Deportes, Francisco Llorens y el alcalde, Jos\u00e9 Morell, fueron los encargados de dar el pistoletazo de salida al campus con un acto de recibimiento para los 50 participantes y sus familias, que se celebr\u00f3 ayer, lunes 4 de julio, en el Sal\u00f3n de Actos del recinto.<\/p>\n\n\n\n<p>El alcalde puso en valor la oportunidad que ha brindado Lucas Ferrando, gerente del centro, \u201cpara organizar un campamento en unas de las mejores instalaciones de Espa\u00f1a, en cuanto a deporte se refiere\u201d, seg\u00fan explicaba Morell.&nbsp;<\/p>\n\n\n\n<p>Por su parte, Llorens se uni\u00f3 a los agradecimientos hacia el gerente y dedic\u00f3 unas palabras de gratitud a la coordinadora del centro organizador, Marian Sanchis, y a Francisco Fortea, su implicaci\u00f3n en el proyecto. El edil tambi\u00e9n hizo hincapi\u00e9 en la necesidad de seguir trabajando conjuntamente con el Complejo Educativo desarrollando proyectos. \u201cEs una pena que haya gente de Cheste que no haya visitado la Laboral\u201d, manifestaba.<\/p>\n\n\n\n<p>Al concluir el acto inaugural, padres, madres, ni\u00f1os y ni\u00f1as subieron a las residencias para visitar el lugar donde pasar\u00e1n las noches durante el desarrollo del campus. Una vez all\u00ed, se reparti\u00f3 el material necesario, se pusieron ropa de entrenamiento y comenzaron las primeras actividades.<\/p>\n\n\n\n<p>Hasta el jueves, 6 de julio, los y las participantes disfrutar\u00e1n de unas instalaciones \u00fanicas en la Comunidad Valenciana y practicar\u00e1n b\u00e9isbol, baloncesto, nataci\u00f3n, voleibol, rugby o atletismo, entre otros deportes, de la mano de entrenadores y entrenadoras profesionales.<\/p>\n","protected":false},"excerpt":{"rendered":"<div class=\"mh-excerpt\">El pasado lunes comenz\u00f3 el Campus multideporte, organizado por la concejal\u00eda de Deportes, por primera vez, en el Complejo Educativo de Cheste. Este evento presenta una amplia oferta deportiva en instalaciones profesionales para los ni\u00f1os <a class=\"mh-excerpt-more\" href=\"https:\/\/www.tucomarca.com\/wordpress\/segunda\/arranca-el-campus-multideporte-en-las-instalaciones-de-la-universidad-laboral\/\" title=\"Arranca el Campus multideporte en las instalaciones de la Universidad Laboral\">[+] <\/a><\/div>\n","protected":false},"author":13,"featured_media":160929,"comment_status":"open","ping_status":"open","sticky":false,"template":"","format":"standard","meta":{"footnotes":""},"categories":[17,6,8,72,10,199,3],"tags":[339,10379,5952],"class_list":{"0":"post-160928","1":"post","2":"type-post","3":"status-publish","4":"format-standard","5":"has-post-thumbnail","7":"category-cheste","8":"category-deportes","9":"category-la-comarca","10":"category-sin-categorizar","11":"category-la-hoya","12":"category-polideportivo","13":"category-seccion","14":"tag-cheste-2","15":"tag-deportes","16":"tag-la-hoya-de-bunol-chiva"},"_links":{"self":[{"href":"https:\/\/www.tucomarca.com\/wordpress\/segunda\/wp-json\/wp\/v2\/posts\/160928","targetHints":{"allow":["GET"]}}],"collection":[{"href":"https:\/\/www.tucomarca.com\/wordpress\/segunda\/wp-json\/wp\/v2\/posts"}],"about":[{"href":"https:\/\/www.tucomarca.com\/wordpress\/segunda\/wp-json\/wp\/v2\/types\/post"}],"author":[{"embeddable":true,"href":"https:\/\/www.tucomarca.com\/wordpress\/segunda\/wp-json\/wp\/v2\/users\/13"}],"replies":[{"embeddable":true,"href":"https:\/\/www.tucomarca.com\/wordpress\/segunda\/wp-json\/wp\/v2\/comments?post=160928"}],"version-history":[{"count":0,"href":"https:\/\/www.tucomarca.com\/wordpress\/segunda\/wp-json\/wp\/v2\/posts\/160928\/revisions"}],"wp:featuredmedia":[{"embeddable":true,"href":"https:\/\/www.tucomarca.com\/wordpress\/segunda\/wp-json\/wp\/v2\/media\/160929"}],"wp:attachment":[{"href":"https:\/\/www.tucomarca.com\/wordpress\/segunda\/wp-json\/wp\/v2\/media?parent=160928"}],"wp:term":[{"taxonomy":"category","embeddable":true,"href":"https:\/\/www.tucomarca.com\/wordpress\/segunda\/wp-json\/wp\/v2\/categories?post=160928"},{"taxonomy":"post_tag","embeddable":true,"href":"https:\/\/www.tucomarca.com\/wordpress\/segunda\/wp-json\/wp\/v2\/tags?post=160928"}],"curies":[{"name":"wp","href":"https:\/\/api.w.org\/{rel}","templated":true}]}}