{"id":1612,"date":"2012-05-15T11:27:36","date_gmt":"2012-05-15T10:27:36","guid":{"rendered":"http:\/\/www.tucomarca.com\/wordpress\/segunda\/?p=1612"},"modified":"2012-05-15T11:27:36","modified_gmt":"2012-05-15T10:27:36","slug":"vecinos-de-cheste-chiva-y-godelleta-recorren-33-kilometros-en-peregrinacion-desde-godelleta-para-ver-a-la-virgen-de-los-desamparados","status":"publish","type":"post","link":"https:\/\/www.tucomarca.com\/wordpress\/segunda\/vecinos-de-cheste-chiva-y-godelleta-recorren-33-kilometros-en-peregrinacion-desde-godelleta-para-ver-a-la-virgen-de-los-desamparados\/","title":{"rendered":"Vecinos de Cheste, Chiva y Godelleta recorren 33 kil\u00f3metros en peregrinaci\u00f3n desde Godelleta para ver a la Virgen de Los Desamparados"},"content":{"rendered":"<p style=\"text-align: center;\">&nbsp;<\/p>\n<figure id=\"attachment_1613\" aria-describedby=\"caption-attachment-1613\" style=\"width: 717px\" class=\"wp-caption aligncenter\"><a href=\"https:\/\/www.tucomarca.com\/wordpress\/segunda\/wp-content\/uploads\/2012\/05\/GODELLETAVIRGEN.jpg\"><img loading=\"lazy\" decoding=\"async\" class=\"size-large wp-image-1613  \" title=\"GODELLETAVIRGEN\" src=\"https:\/\/www.tucomarca.com\/wordpress\/segunda\/wp-content\/uploads\/2012\/05\/GODELLETAVIRGEN-1024x393.jpg\" alt=\"Una de las integrantes de la expedici\u00f3n de Godelleta lleg\u00f3 a tocar el manto de la Virgen. Foto: Marisolmiguel\" width=\"717\" height=\"275\" srcset=\"https:\/\/www.tucomarca.com\/wordpress\/segunda\/wp-content\/uploads\/2012\/05\/GODELLETAVIRGEN-1024x393.jpg 1024w, https:\/\/www.tucomarca.com\/wordpress\/segunda\/wp-content\/uploads\/2012\/05\/GODELLETAVIRGEN-300x115.jpg 300w, https:\/\/www.tucomarca.com\/wordpress\/segunda\/wp-content\/uploads\/2012\/05\/GODELLETAVIRGEN.jpg 1575w\" sizes=\"auto, (max-width: 717px) 100vw, 717px\" \/><\/a><figcaption id=\"caption-attachment-1613\" class=\"wp-caption-text\">Una de las integrantes de la expedici\u00f3n de Godelleta lleg\u00f3 a tocar el manto de la Virgen. Foto: Marisolmiguel<\/figcaption><\/figure>\n<p>&nbsp;<\/p>\n<p>La parroquia de Godelleta, a iniciativa de su p\u00e1rroco, ha organizado este fin de semana la ya tradicional peregrinaci\u00f3n a pie que se hace desde hace varios a\u00f1os hasta Valencia para participar en los actos organizados por la festivilidad de Virgen de los Desamparados, patrona de la capital.<\/p>\n<p>La jornada se inici\u00f3 en la localidad de Godelleta con una cena en el sal\u00f3n multiusos para recoger fuerzas para, a partir de las 23,30 horas, hacer este camino mariano en el que participaron cien peregrinos de los pueblos de Cheste, Chiva y\u00a0 Tur\u00eds.<\/p>\n<p>Este recorrido de treinta y tres kil\u00f3metros desde Godelleta hasta Valencia se organiz\u00f3 en varias paradas para descansar y beber, ya que la madrugada del s\u00e1bado a domingo fue una velada muy calurosa, aunque<\/p>\n<p>M\u00e1s informaci\u00f3n y fotos, en la edici\u00f3n impresa de <strong>tucomarca.com<\/strong> para La Hoya de Bu\u00f1ol-Chiva y comarcas lim\u00edtrifes (n\u00ba 449), a partir del jueves en los kioscos.<\/p>\n","protected":false},"excerpt":{"rendered":"<div class=\"mh-excerpt\">&nbsp; &nbsp; La parroquia de Godelleta, a iniciativa de su p\u00e1rroco, ha organizado este fin de semana la ya tradicional peregrinaci\u00f3n a pie que se hace desde hace varios a\u00f1os hasta Valencia para participar en <a class=\"mh-excerpt-more\" href=\"https:\/\/www.tucomarca.com\/wordpress\/segunda\/vecinos-de-cheste-chiva-y-godelleta-recorren-33-kilometros-en-peregrinacion-desde-godelleta-para-ver-a-la-virgen-de-los-desamparados\/\" title=\"Vecinos de Cheste, Chiva y Godelleta recorren 33 kil\u00f3metros en peregrinaci\u00f3n desde Godelleta para ver a la Virgen de Los Desamparados\">[+] <\/a><\/div>\n","protected":false},"author":1,"featured_media":1613,"comment_status":"open","ping_status":"open","sticky":false,"template":"","format":"standard","meta":{"footnotes":""},"categories":[17,16,14,10,5,3,45],"tags":[],"class_list":{"0":"post-1612","1":"post","2":"type-post","3":"status-publish","4":"format-standard","5":"has-post-thumbnail","7":"category-cheste","8":"category-chiva","9":"category-godelleta","10":"category-la-hoya","11":"category-la-semana-en-imagenes","12":"category-seccion","13":"category-ventana"},"_links":{"self":[{"href":"https:\/\/www.tucomarca.com\/wordpress\/segunda\/wp-json\/wp\/v2\/posts\/1612","targetHints":{"allow":["GET"]}}],"collection":[{"href":"https:\/\/www.tucomarca.com\/wordpress\/segunda\/wp-json\/wp\/v2\/posts"}],"about":[{"href":"https:\/\/www.tucomarca.com\/wordpress\/segunda\/wp-json\/wp\/v2\/types\/post"}],"author":[{"embeddable":true,"href":"https:\/\/www.tucomarca.com\/wordpress\/segunda\/wp-json\/wp\/v2\/users\/1"}],"replies":[{"embeddable":true,"href":"https:\/\/www.tucomarca.com\/wordpress\/segunda\/wp-json\/wp\/v2\/comments?post=1612"}],"version-history":[{"count":0,"href":"https:\/\/www.tucomarca.com\/wordpress\/segunda\/wp-json\/wp\/v2\/posts\/1612\/revisions"}],"wp:featuredmedia":[{"embeddable":true,"href":"https:\/\/www.tucomarca.com\/wordpress\/segunda\/wp-json\/wp\/v2\/media\/1613"}],"wp:attachment":[{"href":"https:\/\/www.tucomarca.com\/wordpress\/segunda\/wp-json\/wp\/v2\/media?parent=1612"}],"wp:term":[{"taxonomy":"category","embeddable":true,"href":"https:\/\/www.tucomarca.com\/wordpress\/segunda\/wp-json\/wp\/v2\/categories?post=1612"},{"taxonomy":"post_tag","embeddable":true,"href":"https:\/\/www.tucomarca.com\/wordpress\/segunda\/wp-json\/wp\/v2\/tags?post=1612"}],"curies":[{"name":"wp","href":"https:\/\/api.w.org\/{rel}","templated":true}]}}