{"id":161420,"date":"2022-07-11T10:30:00","date_gmt":"2022-07-11T08:30:00","guid":{"rendered":"http:\/\/www.tucomarca.com\/wordpress\/segunda\/?p=161420"},"modified":"2022-07-11T21:27:04","modified_gmt":"2022-07-11T19:27:04","slug":"ava-asaja-solicita-a-agroseguro-y-la-conselleria-de-agricultura-el-maximo-apoyo-a-los-agricultores-afectados-por-el-pedrisco-en-utiel-requena","status":"publish","type":"post","link":"https:\/\/www.tucomarca.com\/wordpress\/segunda\/ava-asaja-solicita-a-agroseguro-y-la-conselleria-de-agricultura-el-maximo-apoyo-a-los-agricultores-afectados-por-el-pedrisco-en-utiel-requena\/","title":{"rendered":"AVA-Asaja solicita a Agroseguro y la Conselleria de Agricultura el m\u00e1ximo apoyo a los agricultores afectados por el pedrisco en Utiel-Requena"},"content":{"rendered":"\n<p><strong>AVA-Asaja solicita a Agroseguro y la Conselleria de Agricultura el m\u00e1ximo apoyo a los agricultores afectados por el pedrisco en Utiel-Requena<\/strong><\/p>\n\n\n\n<p>Una delegaci\u00f3n de Utiel-Requena de AVA-ASAJA, encabezada por su representante comarcal Luis Juli\u00e1n P\u00e9rez, visit\u00f3 algunas de las principales \u00e1reas golpeadas por el pedrisco junto a la Conselleria de Agricultura y Agroseguro para mostrarles sobre el terreno los cuantiosos da\u00f1os sufridos, especialmente en el cultivo de la vi\u00f1a, y solicitarles directamente el m\u00e1ximo apoyo a los agricultores afectados.<\/p>\n\n\n\n<p>Durante la primera visita, el pasado viernes, la organizaci\u00f3n agraria recorri\u00f3 parcelas de Requena y Caudete de las Fuentes con el director general de Agricultura, Toni Quintana, y el alcalde de Requena, Mario S\u00e1nchez. AVA-ASAJA insisti\u00f3 en la necesidad de que, en caso de que haya riesgos no cubiertos por el seguro contratado, las administraciones habiliten ayudas directas, subvenciones para apoyar los tratamientos fungicidas y medidas fiscales en aras de aliviar las p\u00e9rdidas ocasionadas por las tormentas de pedrisco de la semana pasada.<\/p>\n\n\n\n<p>En una segunda visita, realizada esta ma\u00f1ana, AVA-ASAJA expuso al director territorial de Levante de Agroseguro, Manuel Gonz\u00e1lez, la reivindicaci\u00f3n de agilizar las peritaciones con el objeto de abonar las correspondientes indemnizaciones a los agricultores afectados.<\/p>\n\n\n\n<p>Asimismo, AVA-ASAJA pide a Agroseguro que compense econ\u00f3micamente a aquellos viticultores que, a causa de los graves da\u00f1os ocasionados por el pedrisco de este a\u00f1o, van a tener una dr\u00e1stica reducci\u00f3n de cosecha el a\u00f1o que viene. Informa, <strong>Luis Ib\u00e1\u00f1ez<\/strong>.<\/p>\n","protected":false},"excerpt":{"rendered":"<div class=\"mh-excerpt\">AVA-Asaja solicita a Agroseguro y la Conselleria de Agricultura el m\u00e1ximo apoyo a los agricultores afectados por el pedrisco en Utiel-Requena Una delegaci\u00f3n de Utiel-Requena de AVA-ASAJA, encabezada por su representante comarcal Luis Juli\u00e1n P\u00e9rez, <a class=\"mh-excerpt-more\" href=\"https:\/\/www.tucomarca.com\/wordpress\/segunda\/ava-asaja-solicita-a-agroseguro-y-la-conselleria-de-agricultura-el-maximo-apoyo-a-los-agricultores-afectados-por-el-pedrisco-en-utiel-requena\/\" title=\"AVA-Asaja solicita a Agroseguro y la Conselleria de Agricultura el m\u00e1ximo apoyo a los agricultores afectados por el pedrisco en Utiel-Requena\">[+] <\/a><\/div>\n","protected":false},"author":13,"featured_media":161421,"comment_status":"open","ping_status":"open","sticky":false,"template":"","format":"standard","meta":{"footnotes":""},"categories":[169,128,8,72,142,28,27,3,116,29],"tags":[85,10387,10389],"class_list":{"0":"post-161420","1":"post","2":"type-post","3":"status-publish","4":"format-standard","5":"has-post-thumbnail","7":"category-agricultura-la-comarca","8":"category-infraestructuras","9":"category-la-comarca","10":"category-sin-categorizar","11":"category-politica-la-comarca","12":"category-requena","13":"category-requena-utiel","14":"category-seccion","15":"category-sucesos-la-comarca","16":"category-utiel","17":"tag-agricultura","18":"tag-requena-utiel","19":"tag-utiel"},"_links":{"self":[{"href":"https:\/\/www.tucomarca.com\/wordpress\/segunda\/wp-json\/wp\/v2\/posts\/161420","targetHints":{"allow":["GET"]}}],"collection":[{"href":"https:\/\/www.tucomarca.com\/wordpress\/segunda\/wp-json\/wp\/v2\/posts"}],"about":[{"href":"https:\/\/www.tucomarca.com\/wordpress\/segunda\/wp-json\/wp\/v2\/types\/post"}],"author":[{"embeddable":true,"href":"https:\/\/www.tucomarca.com\/wordpress\/segunda\/wp-json\/wp\/v2\/users\/13"}],"replies":[{"embeddable":true,"href":"https:\/\/www.tucomarca.com\/wordpress\/segunda\/wp-json\/wp\/v2\/comments?post=161420"}],"version-history":[{"count":0,"href":"https:\/\/www.tucomarca.com\/wordpress\/segunda\/wp-json\/wp\/v2\/posts\/161420\/revisions"}],"wp:featuredmedia":[{"embeddable":true,"href":"https:\/\/www.tucomarca.com\/wordpress\/segunda\/wp-json\/wp\/v2\/media\/161421"}],"wp:attachment":[{"href":"https:\/\/www.tucomarca.com\/wordpress\/segunda\/wp-json\/wp\/v2\/media?parent=161420"}],"wp:term":[{"taxonomy":"category","embeddable":true,"href":"https:\/\/www.tucomarca.com\/wordpress\/segunda\/wp-json\/wp\/v2\/categories?post=161420"},{"taxonomy":"post_tag","embeddable":true,"href":"https:\/\/www.tucomarca.com\/wordpress\/segunda\/wp-json\/wp\/v2\/tags?post=161420"}],"curies":[{"name":"wp","href":"https:\/\/api.w.org\/{rel}","templated":true}]}}