{"id":1615,"date":"2012-05-14T20:00:12","date_gmt":"2012-05-14T20:00:12","guid":{"rendered":"http:\/\/www.tucomarca.com\/wordpress\/segunda\/?p=1615"},"modified":"2012-05-15T01:11:15","modified_gmt":"2012-05-15T00:11:15","slug":"bunol-acoge-este-domingo-dia-20-su-quinta-matinal-motera","status":"publish","type":"post","link":"https:\/\/www.tucomarca.com\/wordpress\/segunda\/bunol-acoge-este-domingo-dia-20-su-quinta-matinal-motera\/","title":{"rendered":"Bu\u00f1ol acoge este domingo d\u00eda 20 su quinta matinal motera"},"content":{"rendered":"<figure id=\"attachment_1617\" aria-describedby=\"caption-attachment-1617\" style=\"width: 214px\" class=\"wp-caption alignleft\"><a href=\"https:\/\/www.tucomarca.com\/wordpress\/segunda\/wp-content\/uploads\/2012\/05\/matinal-2012.jpg\"><img loading=\"lazy\" decoding=\"async\" class=\"size-medium wp-image-1617 \" title=\"matinal 2012\" src=\"https:\/\/www.tucomarca.com\/wordpress\/segunda\/wp-content\/uploads\/2012\/05\/matinal-2012-214x300.jpg\" alt=\"Cartel de la matinal motera 2012 de Bu\u00f1ol.\" width=\"214\" height=\"300\" srcset=\"https:\/\/www.tucomarca.com\/wordpress\/segunda\/wp-content\/uploads\/2012\/05\/matinal-2012-214x300.jpg 214w, https:\/\/www.tucomarca.com\/wordpress\/segunda\/wp-content\/uploads\/2012\/05\/matinal-2012-731x1024.jpg 731w, https:\/\/www.tucomarca.com\/wordpress\/segunda\/wp-content\/uploads\/2012\/05\/matinal-2012-1024x1433.jpg 1024w, https:\/\/www.tucomarca.com\/wordpress\/segunda\/wp-content\/uploads\/2012\/05\/matinal-2012.jpg 1457w\" sizes=\"auto, (max-width: 214px) 100vw, 214px\" \/><\/a><figcaption id=\"caption-attachment-1617\" class=\"wp-caption-text\">Cartel de la matinal motera 2012 de Bu\u00f1ol.<\/figcaption><\/figure>\n<p>Este pr\u00f3ximo domingo, d\u00eda 20 de mayo, se celebrara la quinta Matinal Motera Villa de Bu\u00f1ol en el Parque de San Luis, lugar elegido por el emplazamiento m\u00e1s fresco y punto de referencia de la villa.<\/p>\n<p>Como ha informado el presidente del Moto Club de Bu\u00f1ol, Elio Zan\u00f3n, la fiesta dar\u00e1 comienzo a las 9,00 horas con las inscripciones de todos los moteros llegados de toda la Comunidad y de fuera. \u00abLo primero es tomar el fabuloso almuerzo de <em>torr\u00e1<\/em> que el Moto Club Bu\u00f1ol prepara con esmero para los m\u00e1s de 300 moteros que acudir\u00e1n. Despues sobre las 11,00 horas se dar\u00e1 comienzo a la ruta elegida, que en este caso ser\u00e1 por la comarca de La Hoya subiendo por el monte de la Cruz hasta Y\u00e1tova y sin perder tiempo complet\u00e1ndose por Macastre y Alborache, finalizando en el castillo de Bu\u00f1ol del S. XIII, visita oficial al castillo y regreso al parque de San Luis para la celebraci\u00f3n de los juegos-concursos para el divertimento de los asistentes\u00bb.<\/p>\n<p>LA jornada finalizar\u00e1 con un gran sorteo \u00abde muchos y excelentes regalos que nos proporcionan nuestros sponsors y la entrega de trofeos a los ganadores de los concursos y de la propia Matinal Motera. Esperamos vuestra asistencia que por el modico precio de 8 euros tendr\u00e1s la camiseta oficial del evento y todo lo restante de esta quinta Matinal Motera Villa de Bu\u00f1ol, Memorial David Igual Herrero\u00bb, ha finalizado Elio Zan\u00f3n.<\/p>\n","protected":false},"excerpt":{"rendered":"<div class=\"mh-excerpt\">Este pr\u00f3ximo domingo, d\u00eda 20 de mayo, se celebrara la quinta Matinal Motera Villa de Bu\u00f1ol en el Parque de San Luis, lugar elegido por el emplazamiento m\u00e1s fresco y punto de referencia de la <a class=\"mh-excerpt-more\" href=\"https:\/\/www.tucomarca.com\/wordpress\/segunda\/bunol-acoge-este-domingo-dia-20-su-quinta-matinal-motera\/\" title=\"Bu\u00f1ol acoge este domingo d\u00eda 20 su quinta matinal motera\">[+] <\/a><\/div>\n","protected":false},"author":1,"featured_media":1617,"comment_status":"open","ping_status":"open","sticky":false,"template":"","format":"standard","meta":{"footnotes":""},"categories":[18,6,10,91,3],"tags":[],"class_list":{"0":"post-1615","1":"post","2":"type-post","3":"status-publish","4":"format-standard","5":"has-post-thumbnail","7":"category-bunol","8":"category-deportes","9":"category-la-hoya","10":"category-motociclismo","11":"category-seccion"},"_links":{"self":[{"href":"https:\/\/www.tucomarca.com\/wordpress\/segunda\/wp-json\/wp\/v2\/posts\/1615","targetHints":{"allow":["GET"]}}],"collection":[{"href":"https:\/\/www.tucomarca.com\/wordpress\/segunda\/wp-json\/wp\/v2\/posts"}],"about":[{"href":"https:\/\/www.tucomarca.com\/wordpress\/segunda\/wp-json\/wp\/v2\/types\/post"}],"author":[{"embeddable":true,"href":"https:\/\/www.tucomarca.com\/wordpress\/segunda\/wp-json\/wp\/v2\/users\/1"}],"replies":[{"embeddable":true,"href":"https:\/\/www.tucomarca.com\/wordpress\/segunda\/wp-json\/wp\/v2\/comments?post=1615"}],"version-history":[{"count":0,"href":"https:\/\/www.tucomarca.com\/wordpress\/segunda\/wp-json\/wp\/v2\/posts\/1615\/revisions"}],"wp:featuredmedia":[{"embeddable":true,"href":"https:\/\/www.tucomarca.com\/wordpress\/segunda\/wp-json\/wp\/v2\/media\/1617"}],"wp:attachment":[{"href":"https:\/\/www.tucomarca.com\/wordpress\/segunda\/wp-json\/wp\/v2\/media?parent=1615"}],"wp:term":[{"taxonomy":"category","embeddable":true,"href":"https:\/\/www.tucomarca.com\/wordpress\/segunda\/wp-json\/wp\/v2\/categories?post=1615"},{"taxonomy":"post_tag","embeddable":true,"href":"https:\/\/www.tucomarca.com\/wordpress\/segunda\/wp-json\/wp\/v2\/tags?post=1615"}],"curies":[{"name":"wp","href":"https:\/\/api.w.org\/{rel}","templated":true}]}}