{"id":161530,"date":"2022-07-12T07:05:00","date_gmt":"2022-07-12T05:05:00","guid":{"rendered":"http:\/\/www.tucomarca.com\/wordpress\/segunda\/?p=161530"},"modified":"2022-07-12T14:12:23","modified_gmt":"2022-07-12T12:12:23","slug":"sanitat-alerta-del-calor-extremo-en-el-interior-de-la-comunidad-valenciana","status":"publish","type":"post","link":"https:\/\/www.tucomarca.com\/wordpress\/segunda\/sanitat-alerta-del-calor-extremo-en-el-interior-de-la-comunidad-valenciana\/","title":{"rendered":"Sanitat alerta del calor extremo en el interior de la Comunidad Valenciana"},"content":{"rendered":"\n<p>Las comarcas del interior de la Comunitat Valenciana est\u00e1n hoy en alerta sanitaria por ola de calor alto y extremo, seg\u00fan ha decretado la Conselleria de Sanidad ante las predicciones realizadas dentro del Programa de Prevenci\u00f3n y Atenci\u00f3n a los Problemas de Salud Derivados de las Temperaturas Extremas en la Comunitat Valenciana.<\/p>\n\n\n\n<p>Entre las comarcas afectadas se encuentran la de Camp de T\u00faria, El Rinc\u00f3n de Ademuz, El Valle de Ayora-Cofrentes, La Canal de Navarr\u00e9s, La Hoya de Bu\u00f1ol, La Plana de Utiel-Requena, La Ribera Alta y Los Serranos.<\/p>\n","protected":false},"excerpt":{"rendered":"<div class=\"mh-excerpt\">Las comarcas del interior de la Comunitat Valenciana est\u00e1n hoy en alerta sanitaria por ola de calor alto y extremo, seg\u00fan ha decretado la Conselleria de Sanidad ante las predicciones realizadas dentro del Programa de <a class=\"mh-excerpt-more\" href=\"https:\/\/www.tucomarca.com\/wordpress\/segunda\/sanitat-alerta-del-calor-extremo-en-el-interior-de-la-comunidad-valenciana\/\" title=\"Sanitat alerta del calor extremo en el interior de la Comunidad Valenciana\">[+] <\/a><\/div>\n","protected":false},"author":12,"featured_media":139315,"comment_status":"open","ping_status":"open","sticky":false,"template":"","format":"standard","meta":{"footnotes":""},"categories":[49,38,46,119,128,70,8,72,10,42,59,117,27,3,116,45],"tags":[2001,10635,389],"class_list":{"0":"post-161530","1":"post","2":"type-post","3":"status-publish","4":"format-standard","5":"has-post-thumbnail","7":"category-ademuz","8":"category-ayora-cofrentes","9":"category-camp-de-turia","10":"category-sanidad-la-comarca","11":"category-infraestructuras","12":"category-la-canal-de-navarres","13":"category-la-comarca","14":"category-sin-categorizar","15":"category-la-hoya","16":"category-la-ribera","17":"category-los-serranos","18":"category-medio-ambiente-la-comarca","19":"category-requena-utiel","20":"category-seccion","21":"category-sucesos-la-comarca","22":"category-ventana","23":"tag-comunidad-valenciana-2","24":"tag-conselleria-de-sanitat","25":"tag-ola-de-calor"},"_links":{"self":[{"href":"https:\/\/www.tucomarca.com\/wordpress\/segunda\/wp-json\/wp\/v2\/posts\/161530","targetHints":{"allow":["GET"]}}],"collection":[{"href":"https:\/\/www.tucomarca.com\/wordpress\/segunda\/wp-json\/wp\/v2\/posts"}],"about":[{"href":"https:\/\/www.tucomarca.com\/wordpress\/segunda\/wp-json\/wp\/v2\/types\/post"}],"author":[{"embeddable":true,"href":"https:\/\/www.tucomarca.com\/wordpress\/segunda\/wp-json\/wp\/v2\/users\/12"}],"replies":[{"embeddable":true,"href":"https:\/\/www.tucomarca.com\/wordpress\/segunda\/wp-json\/wp\/v2\/comments?post=161530"}],"version-history":[{"count":0,"href":"https:\/\/www.tucomarca.com\/wordpress\/segunda\/wp-json\/wp\/v2\/posts\/161530\/revisions"}],"wp:featuredmedia":[{"embeddable":true,"href":"https:\/\/www.tucomarca.com\/wordpress\/segunda\/wp-json\/wp\/v2\/media\/139315"}],"wp:attachment":[{"href":"https:\/\/www.tucomarca.com\/wordpress\/segunda\/wp-json\/wp\/v2\/media?parent=161530"}],"wp:term":[{"taxonomy":"category","embeddable":true,"href":"https:\/\/www.tucomarca.com\/wordpress\/segunda\/wp-json\/wp\/v2\/categories?post=161530"},{"taxonomy":"post_tag","embeddable":true,"href":"https:\/\/www.tucomarca.com\/wordpress\/segunda\/wp-json\/wp\/v2\/tags?post=161530"}],"curies":[{"name":"wp","href":"https:\/\/api.w.org\/{rel}","templated":true}]}}