{"id":161539,"date":"2022-07-12T14:05:00","date_gmt":"2022-07-12T12:05:00","guid":{"rendered":"http:\/\/www.tucomarca.com\/wordpress\/segunda\/?p=161539"},"modified":"2022-07-12T20:11:24","modified_gmt":"2022-07-12T18:11:24","slug":"turis-vive-este-sabado-la-solemne-exaltacion-de-ana-valencia-soucase-como-reina-de-las-fiestas","status":"publish","type":"post","link":"https:\/\/www.tucomarca.com\/wordpress\/segunda\/turis-vive-este-sabado-la-solemne-exaltacion-de-ana-valencia-soucase-como-reina-de-las-fiestas\/","title":{"rendered":"Tur\u00eds vive este s\u00e1bado la solemne exaltaci\u00f3n de Ana Valencia Soucase como Reina de las Fiestas"},"content":{"rendered":"\n<figure class=\"wp-block-image size-large\"><img loading=\"lazy\" decoding=\"async\" width=\"1024\" height=\"478\" src=\"https:\/\/www.tucomarca.com\/wordpress\/segunda\/wp-content\/uploads\/2022\/07\/TurisReinayCorte-1024x478.jpg\" alt=\"\" class=\"wp-image-161544\" srcset=\"https:\/\/www.tucomarca.com\/wordpress\/segunda\/wp-content\/uploads\/2022\/07\/TurisReinayCorte-1024x478.jpg 1024w, https:\/\/www.tucomarca.com\/wordpress\/segunda\/wp-content\/uploads\/2022\/07\/TurisReinayCorte-300x140.jpg 300w, https:\/\/www.tucomarca.com\/wordpress\/segunda\/wp-content\/uploads\/2022\/07\/TurisReinayCorte-768x359.jpg 768w, https:\/\/www.tucomarca.com\/wordpress\/segunda\/wp-content\/uploads\/2022\/07\/TurisReinayCorte-1536x718.jpg 1536w, https:\/\/www.tucomarca.com\/wordpress\/segunda\/wp-content\/uploads\/2022\/07\/TurisReinayCorte.jpg 1676w\" sizes=\"auto, (max-width: 1024px) 100vw, 1024px\" \/><\/figure>\n\n\n\n<p>Turisanos y turisanas se reencuentran con todo el esplendor de esta noche donde una Corte de Honor que espera desde 2020 podr\u00e1 por fin empezar su reinado. Ana Valencia Soucase ser\u00e1 la reina de las Fiestas 2023 tras dos a\u00f1os de larga espera por la pandemia.<\/p>\n\n\n\n<p>En el acto de presentaci\u00f3n participar\u00e1n numerosas asociaciones y entidades del pueblo y finalizar\u00e1 con la actuaci\u00f3n de la cantante Gisela.<\/p>\n","protected":false},"excerpt":{"rendered":"<div class=\"mh-excerpt\">Turisanos y turisanas se reencuentran con todo el esplendor de esta noche donde una Corte de Honor que espera desde 2020 podr\u00e1 por fin empezar su reinado. Ana Valencia Soucase ser\u00e1 la reina de las <a class=\"mh-excerpt-more\" href=\"https:\/\/www.tucomarca.com\/wordpress\/segunda\/turis-vive-este-sabado-la-solemne-exaltacion-de-ana-valencia-soucase-como-reina-de-las-fiestas\/\" title=\"Tur\u00eds vive este s\u00e1bado la solemne exaltaci\u00f3n de Ana Valencia Soucase como Reina de las Fiestas\">[+] <\/a><\/div>\n","protected":false},"author":12,"featured_media":161542,"comment_status":"open","ping_status":"open","sticky":false,"template":"","format":"standard","meta":{"footnotes":""},"categories":[4,8,42,7,3,43],"tags":[17517,17516,1407,10394],"class_list":{"0":"post-161539","1":"post","2":"type-post","3":"status-publish","4":"format-standard","5":"has-post-thumbnail","7":"category-agenda","8":"category-la-comarca","9":"category-la-ribera","10":"category-ocio-y-cultura","11":"category-seccion","12":"category-turis","13":"tag-ana-valencia-soucase","14":"tag-fiestas-de-turis-2023","15":"tag-ribera-alta","16":"tag-turis"},"_links":{"self":[{"href":"https:\/\/www.tucomarca.com\/wordpress\/segunda\/wp-json\/wp\/v2\/posts\/161539","targetHints":{"allow":["GET"]}}],"collection":[{"href":"https:\/\/www.tucomarca.com\/wordpress\/segunda\/wp-json\/wp\/v2\/posts"}],"about":[{"href":"https:\/\/www.tucomarca.com\/wordpress\/segunda\/wp-json\/wp\/v2\/types\/post"}],"author":[{"embeddable":true,"href":"https:\/\/www.tucomarca.com\/wordpress\/segunda\/wp-json\/wp\/v2\/users\/12"}],"replies":[{"embeddable":true,"href":"https:\/\/www.tucomarca.com\/wordpress\/segunda\/wp-json\/wp\/v2\/comments?post=161539"}],"version-history":[{"count":0,"href":"https:\/\/www.tucomarca.com\/wordpress\/segunda\/wp-json\/wp\/v2\/posts\/161539\/revisions"}],"wp:featuredmedia":[{"embeddable":true,"href":"https:\/\/www.tucomarca.com\/wordpress\/segunda\/wp-json\/wp\/v2\/media\/161542"}],"wp:attachment":[{"href":"https:\/\/www.tucomarca.com\/wordpress\/segunda\/wp-json\/wp\/v2\/media?parent=161539"}],"wp:term":[{"taxonomy":"category","embeddable":true,"href":"https:\/\/www.tucomarca.com\/wordpress\/segunda\/wp-json\/wp\/v2\/categories?post=161539"},{"taxonomy":"post_tag","embeddable":true,"href":"https:\/\/www.tucomarca.com\/wordpress\/segunda\/wp-json\/wp\/v2\/tags?post=161539"}],"curies":[{"name":"wp","href":"https:\/\/api.w.org\/{rel}","templated":true}]}}