{"id":161978,"date":"2022-07-20T10:30:00","date_gmt":"2022-07-20T08:30:00","guid":{"rendered":"http:\/\/www.tucomarca.com\/wordpress\/segunda\/?p=161978"},"modified":"2022-07-20T19:21:26","modified_gmt":"2022-07-20T17:21:26","slug":"carcer-consigue-erradicar-el-problema-de-las-cacas-de-perro-en-sus-calles","status":"publish","type":"post","link":"https:\/\/www.tucomarca.com\/wordpress\/segunda\/carcer-consigue-erradicar-el-problema-de-las-cacas-de-perro-en-sus-calles\/","title":{"rendered":"C\u00e0rcer consigue erradicar el problema de las cacas de perro en sus calles"},"content":{"rendered":"\n<h4 class=\"wp-block-heading\"><strong>El municipio implant\u00f3 hace dos a\u00f1os el registro gen\u00e9tico canino y tiene casi el 100% de sus c\u00e1nidos censados con el ADN<\/strong><\/h4>\n\n\n\n<p>C\u00e0rcer ya es un&nbsp;municipio libre de heces de perro. Despu\u00e9s de casi dos a\u00f1os desde la puesta en marcha del&nbsp;registro gen\u00e9tico a partir del ADN&nbsp;de su poblaci\u00f3n c\u00e1nida, la presencia de deposiciones en las calles es pr\u00e1cticamente nula.<\/p>\n\n\n\n<p>Un logro que el municipio ha conseguido \u00abdespu\u00e9s de haber registrado a la pr\u00e1ctica totalidad de la poblaci\u00f3n canina gracias a la ayuda de la vecindad, que se ha mostrado muy colaborativa\u00bb, ha informado Enrique Perig\u00fcell. El CEO de ADN Canino, ha recordado que \u00abhace cuatro a\u00f1os este municipio ten\u00eda un problema serio de salubridad y de limpieza en sus calles; desde entonces, hemos conseguido alcanzar el reto de reducir un 99% la presencia de heces en las aceras, donde hoy es muy dif\u00edcil encontrar deposiciones de perros\u00bb. Con todo, la ordenanza municipal contempla sanciones para quienes no den ese paso.<\/p>\n\n\n\n<p><strong>Geolocalizaci\u00f3n de heces<\/strong><\/p>\n\n\n\n<p>Como otras&nbsp;ciudades ADN Canino, C\u00e0rcer controla a trav\u00e9s de un&nbsp;<strong>mapa de heces<\/strong>&nbsp;la geolocalizaci\u00f3n de las cacas de perro en las calles del municipio y aquellas que corresponden a canes censados gen\u00e9ticamente o no. De esta forma, \u00abel municipio ha podido apreciar de una forma muy visible cu\u00e1les han sido las zonas m\u00e1s afectadas por la suciedad derivada de las heces y optimizar los recursos destinados a mantener las calles limpias\u00bb, explica Perig\u00fcell.<\/p>\n\n\n\n<p><strong>El registro del ADN canino en Espa\u00f1a<\/strong><\/p>\n\n\n\n<p>ADN Canino da nombre tambi\u00e9n a la empresa valenciana que, en colaboraci\u00f3n con colegios de veterinarios, ha implantado en el \u00e1mbito nacional un sistema pionero de censo de mascotas a partir de su secuencia gen\u00e9tica. Precisamente, el registro del ADN de los perros ya es una realidad en numerosos municipios espa\u00f1oles. As\u00ed, los m\u00e1s de&nbsp;<strong>5 millones de perros<\/strong>&nbsp;que hay en Espa\u00f1a tendr\u00edan garantizado un seguimiento m\u00e1s eficaz y m\u00e1s actualizado que el que pueden ofrecer los microchips con el que actualmente se controla su poblaci\u00f3n.&nbsp;<\/p>\n","protected":false},"excerpt":{"rendered":"<div class=\"mh-excerpt\">El municipio implant\u00f3 hace dos a\u00f1os el registro gen\u00e9tico canino y tiene casi el 100% de sus c\u00e1nidos censados con el ADN C\u00e0rcer ya es un&nbsp;municipio libre de heces de perro. Despu\u00e9s de casi dos <a class=\"mh-excerpt-more\" href=\"https:\/\/www.tucomarca.com\/wordpress\/segunda\/carcer-consigue-erradicar-el-problema-de-las-cacas-de-perro-en-sus-calles\/\" title=\"C\u00e0rcer consigue erradicar el problema de las cacas de perro en sus calles\">[+] <\/a><\/div>\n","protected":false},"author":1,"featured_media":162415,"comment_status":"open","ping_status":"open","sticky":false,"template":"","format":"standard","meta":{"footnotes":""},"categories":[148,128,8,42,142,3],"tags":[10621,3640,1348],"class_list":{"0":"post-161978","1":"post","2":"type-post","3":"status-publish","4":"format-standard","5":"has-post-thumbnail","7":"category-carcer","8":"category-infraestructuras","9":"category-la-comarca","10":"category-la-ribera","11":"category-politica-la-comarca","12":"category-seccion","13":"tag-carcer","14":"tag-la-ribera-alta","15":"tag-perros"},"_links":{"self":[{"href":"https:\/\/www.tucomarca.com\/wordpress\/segunda\/wp-json\/wp\/v2\/posts\/161978","targetHints":{"allow":["GET"]}}],"collection":[{"href":"https:\/\/www.tucomarca.com\/wordpress\/segunda\/wp-json\/wp\/v2\/posts"}],"about":[{"href":"https:\/\/www.tucomarca.com\/wordpress\/segunda\/wp-json\/wp\/v2\/types\/post"}],"author":[{"embeddable":true,"href":"https:\/\/www.tucomarca.com\/wordpress\/segunda\/wp-json\/wp\/v2\/users\/1"}],"replies":[{"embeddable":true,"href":"https:\/\/www.tucomarca.com\/wordpress\/segunda\/wp-json\/wp\/v2\/comments?post=161978"}],"version-history":[{"count":0,"href":"https:\/\/www.tucomarca.com\/wordpress\/segunda\/wp-json\/wp\/v2\/posts\/161978\/revisions"}],"wp:featuredmedia":[{"embeddable":true,"href":"https:\/\/www.tucomarca.com\/wordpress\/segunda\/wp-json\/wp\/v2\/media\/162415"}],"wp:attachment":[{"href":"https:\/\/www.tucomarca.com\/wordpress\/segunda\/wp-json\/wp\/v2\/media?parent=161978"}],"wp:term":[{"taxonomy":"category","embeddable":true,"href":"https:\/\/www.tucomarca.com\/wordpress\/segunda\/wp-json\/wp\/v2\/categories?post=161978"},{"taxonomy":"post_tag","embeddable":true,"href":"https:\/\/www.tucomarca.com\/wordpress\/segunda\/wp-json\/wp\/v2\/tags?post=161978"}],"curies":[{"name":"wp","href":"https:\/\/api.w.org\/{rel}","templated":true}]}}