{"id":16207,"date":"2013-07-05T15:52:36","date_gmt":"2013-07-05T12:52:36","guid":{"rendered":"http:\/\/www.tucomarca.com\/wordpress\/segunda\/?p=16207"},"modified":"2013-07-05T15:52:44","modified_gmt":"2013-07-05T12:52:44","slug":"requena-pone-en-marcha-la-%c2%abbibliopiscina%c2%bb","status":"publish","type":"post","link":"https:\/\/www.tucomarca.com\/wordpress\/segunda\/requena-pone-en-marcha-la-%c2%abbibliopiscina%c2%bb\/","title":{"rendered":"Requena pone en marcha la \u00abBibliopiscina\u00bb"},"content":{"rendered":"<p><figure id=\"attachment_16208\" aria-describedby=\"caption-attachment-16208\" style=\"width: 300px\" class=\"wp-caption alignleft\"><a href=\"https:\/\/www.tucomarca.com\/wordpress\/segunda\/?attachment_id=16208\" rel=\"attachment wp-att-16208\"><img loading=\"lazy\" decoding=\"async\" src=\"https:\/\/www.tucomarca.com\/wordpress\/segunda\/wp-content\/uploads\/2013\/07\/Requena1-300x225.jpg\" alt=\"\" title=\"Requena\" width=\"300\" height=\"225\" class=\"size-medium wp-image-16208\" srcset=\"https:\/\/www.tucomarca.com\/wordpress\/segunda\/wp-content\/uploads\/2013\/07\/Requena1-300x225.jpg 300w, https:\/\/www.tucomarca.com\/wordpress\/segunda\/wp-content\/uploads\/2013\/07\/Requena1-1024x768.jpg 1024w\" sizes=\"auto, (max-width: 300px) 100vw, 300px\" \/><\/a><figcaption id=\"caption-attachment-16208\" class=\"wp-caption-text\">La iniciativa ha sido muy bien acogida. tc.c<\/figcaption><\/figure>Esta semana se ha puesto en funcionamiento, por quinto a\u00f1o consecutivo, el servicio de Bibliopiscina en la piscina Municipal de Requena. Esta actividad est\u00e1 disponible de lunes a viernes de 11,30 a 17,30 horas.<\/p>\n<p>Esta actividad es una prestaci\u00f3n de verano avalada por anteriores experiencias exitosas: En 2012, durante el mes de servicio de la bibliopiscina, se prestaron 1.648 libros y 432 materiales l\u00fadicos, adem\u00e1s de programarse cuentacuentos y otras actividades de animaci\u00f3n lectora.<\/p>\n<p>El fondo est\u00e1 compuesto por libros para todas las edades, aunque hace mayor hincapi\u00e9 en la literatura infantil que es el g\u00e9nero m\u00e1s demandado por los usuarios.<\/p>\n<p>La bibliopiscina es un servicio externo de la Biblioteca, atendido por un becario del programa La Dipu te beca, que responde a la filosof\u00eda de acercar los libros all\u00e1 donde se encuentre el usuario y de hacer llegar la cultura y la lectura a los espacios de ocio activo. Entre sus objetivos se encuentra reforzar el h\u00e1bito lector entre los usuarios que ya lo poseen como fomentarlo en aquellos que no lo tienen. Adem\u00e1s de desempe\u00f1ar una importante funci\u00f3n de captaci\u00f3n de prelectores, p\u00fablico muy habitual en las piscinas, tambi\u00e9n refuerza el papel de centro de ocio de la piscina y dentro de \u00e9sta se convierte en un punto de encuentro e intercambio social y cultural.<\/p>\n<p>Este servicio no requiere ning\u00fan tipo de carn\u00e9 o acreditaci\u00f3n, adem\u00e1s, su utilizaci\u00f3n no supone ning\u00fan coste adicional para los usuarios de la Piscina Municipal de Requena, que pueden solicitar cualquier ejemplar existente y devolverlo al final de la jornada de ba\u00f1o.<\/p>\n<p>\tPara consultar el archivo que recoge la experiencia de la edici\u00f3n del pasado a\u00f1o se puede acceder a este enlace: http:\/\/www.bibliotecaspublicas.es\/requena\/imagenes\/Memoria_bibliopiscina_2012.pdf<\/p>\n","protected":false},"excerpt":{"rendered":"<div class=\"mh-excerpt\">Esta semana se ha puesto en funcionamiento, por quinto a\u00f1o consecutivo, el servicio de Bibliopiscina en la piscina Municipal de Requena. Esta actividad est\u00e1 disponible de lunes a viernes de 11,30 a 17,30 horas. Esta <a class=\"mh-excerpt-more\" href=\"https:\/\/www.tucomarca.com\/wordpress\/segunda\/requena-pone-en-marcha-la-%c2%abbibliopiscina%c2%bb\/\" title=\"Requena pone en marcha la \u00abBibliopiscina\u00bb\">[+] <\/a><\/div>\n","protected":false},"author":2,"featured_media":16208,"comment_status":"open","ping_status":"open","sticky":false,"template":"","format":"standard","meta":{"footnotes":""},"categories":[8,28,27,3,45],"tags":[1368,10388,889],"class_list":{"0":"post-16207","1":"post","2":"type-post","3":"status-publish","4":"format-standard","5":"has-post-thumbnail","7":"category-la-comarca","8":"category-requena","9":"category-requena-utiel","10":"category-seccion","11":"category-ventana","12":"tag-bibliopiscina","13":"tag-requena","14":"tag-verano"},"_links":{"self":[{"href":"https:\/\/www.tucomarca.com\/wordpress\/segunda\/wp-json\/wp\/v2\/posts\/16207","targetHints":{"allow":["GET"]}}],"collection":[{"href":"https:\/\/www.tucomarca.com\/wordpress\/segunda\/wp-json\/wp\/v2\/posts"}],"about":[{"href":"https:\/\/www.tucomarca.com\/wordpress\/segunda\/wp-json\/wp\/v2\/types\/post"}],"author":[{"embeddable":true,"href":"https:\/\/www.tucomarca.com\/wordpress\/segunda\/wp-json\/wp\/v2\/users\/2"}],"replies":[{"embeddable":true,"href":"https:\/\/www.tucomarca.com\/wordpress\/segunda\/wp-json\/wp\/v2\/comments?post=16207"}],"version-history":[{"count":0,"href":"https:\/\/www.tucomarca.com\/wordpress\/segunda\/wp-json\/wp\/v2\/posts\/16207\/revisions"}],"wp:featuredmedia":[{"embeddable":true,"href":"https:\/\/www.tucomarca.com\/wordpress\/segunda\/wp-json\/wp\/v2\/media\/16208"}],"wp:attachment":[{"href":"https:\/\/www.tucomarca.com\/wordpress\/segunda\/wp-json\/wp\/v2\/media?parent=16207"}],"wp:term":[{"taxonomy":"category","embeddable":true,"href":"https:\/\/www.tucomarca.com\/wordpress\/segunda\/wp-json\/wp\/v2\/categories?post=16207"},{"taxonomy":"post_tag","embeddable":true,"href":"https:\/\/www.tucomarca.com\/wordpress\/segunda\/wp-json\/wp\/v2\/tags?post=16207"}],"curies":[{"name":"wp","href":"https:\/\/api.w.org\/{rel}","templated":true}]}}