{"id":162152,"date":"2022-07-18T17:55:00","date_gmt":"2022-07-18T15:55:00","guid":{"rendered":"http:\/\/www.tucomarca.com\/wordpress\/segunda\/?p=162152"},"modified":"2022-07-19T11:23:35","modified_gmt":"2022-07-19T09:23:35","slug":"a-bocajarro-leyendas-como-mario-kempes-tienen-la-puerta-cerrada-en-el-valencia-de-lim-por-joseh-larrazabal","status":"publish","type":"post","link":"https:\/\/www.tucomarca.com\/wordpress\/segunda\/a-bocajarro-leyendas-como-mario-kempes-tienen-la-puerta-cerrada-en-el-valencia-de-lim-por-joseh-larrazabal\/","title":{"rendered":"A bocajarro: \u00abLeyendas como Mario Kempes tienen la puerta cerrada en el Valencia de Lim\u00bb, por J\u00f3seh Larraz\u00e1bal"},"content":{"rendered":"\n<figure class=\"wp-block-image size-large is-resized\"><img loading=\"lazy\" decoding=\"async\" src=\"https:\/\/www.tucomarca.com\/wordpress\/segunda\/wp-content\/uploads\/2021\/07\/JoseLarrazabal-1024x1024.jpg\" alt=\"\" class=\"wp-image-136627\" width=\"148\" height=\"148\" srcset=\"https:\/\/www.tucomarca.com\/wordpress\/segunda\/wp-content\/uploads\/2021\/07\/JoseLarrazabal-1024x1024.jpg 1024w, https:\/\/www.tucomarca.com\/wordpress\/segunda\/wp-content\/uploads\/2021\/07\/JoseLarrazabal-300x300.jpg 300w, https:\/\/www.tucomarca.com\/wordpress\/segunda\/wp-content\/uploads\/2021\/07\/JoseLarrazabal-290x290.jpg 290w, https:\/\/www.tucomarca.com\/wordpress\/segunda\/wp-content\/uploads\/2021\/07\/JoseLarrazabal-768x768.jpg 768w, https:\/\/www.tucomarca.com\/wordpress\/segunda\/wp-content\/uploads\/2021\/07\/JoseLarrazabal.jpg 1086w\" sizes=\"auto, (max-width: 148px) 100vw, 148px\" \/><\/figure>\n\n\n\n<p>Leyendas como Mario Kempes tienen la puerta cerrada en el Valencia de Lim.<br>\u00bfDe verdad no hay cabida para ninguno de ellos en este club?<br>Kempes en el \u00e1rea t\u00e9cnica o de imagen.<br>Ben\u00edtez entrenador.<br>Dos fichajes que duplicar\u00edan el n\u00famero de abonados e ilusionar\u00edan sobremanera a la Afici\u00f3n.<br>Creo que no ser\u00eda dif\u00edcil y los resultados dar\u00edan que hablar.<br>Que malo eres Peter Lim!!<br>No tienes ni idea.<br>Y no me vengan con fair play e historias de esas.<br>Que se lo pregunten al Barcelona. Si uno quiere y si se tiene imginaci\u00f3n, ambici\u00f3n e ilusi\u00f3n las trabas se superan.<br>Tres fichajes de nivel medio- alto m\u00e1s los 2 mencionados en el \u00e1rea t\u00e9cnica y de imagen y\u2026 llenas Mestalla.<br>Ni idea Lim, pero ni pu\u00f1etera idea.<br>Ni sabes, ni quieres, ni tienes imaginaci\u00f3n ni ganas.<br>Tu sigue con Mendes y cierra el c\u00edrculo.<br>Un c\u00edrculo vicioso que no conduce a nada.<br>Por no tener no tienes ni ambici\u00f3n.<br>Vete ya del vcf.<br>Estas gastado y acabado y viejo, adem\u00e1s desconoces lo que llevas entre manos.<br>No vas a terminar el nuevo Estadio y si lo haces ser\u00e1 un estadio hecho sin ilusi\u00f3n, sin ambici\u00f3n y sin visi\u00f3n de futuro.<br>Las cosas hechas a desgana nunca salen bien.<br>No eres m\u00e1s que una lacra para el Valencia.<br>Incapaz de ilusionar a nadie.<br>Nos enga\u00f1as, nos mientes, nos das largas y nos toreas.<br>Y lo peor es que algunos se tragan tus embustes y tus patra\u00f1as.<br>Haznos un favor y h\u00e1ztelo a ti mismo.<br>Ten dignidad y\u2026<br>M\u00e1rchate ya!!<br>Por cierto, felicidades Mario Alberto Kempes.<br>Por muchos a\u00f1os, Matador!!<br>Tu si que vales.<br>Te queremos!<br>AMUNT! <\/p>\n","protected":false},"excerpt":{"rendered":"<div class=\"mh-excerpt\">Leyendas como Mario Kempes tienen la puerta cerrada en el Valencia de Lim.\u00bfDe verdad no hay cabida para ninguno de ellos en este club?Kempes en el \u00e1rea t\u00e9cnica o de imagen.Ben\u00edtez entrenador.Dos fichajes que duplicar\u00edan <a class=\"mh-excerpt-more\" href=\"https:\/\/www.tucomarca.com\/wordpress\/segunda\/a-bocajarro-leyendas-como-mario-kempes-tienen-la-puerta-cerrada-en-el-valencia-de-lim-por-joseh-larrazabal\/\" title=\"A bocajarro: \u00abLeyendas como Mario Kempes tienen la puerta cerrada en el Valencia de Lim\u00bb, por J\u00f3seh Larraz\u00e1bal\">[+] <\/a><\/div>\n","protected":false},"author":1,"featured_media":136627,"comment_status":"open","ping_status":"open","sticky":false,"template":"","format":"standard","meta":{"footnotes":""},"categories":[18,3358,6,10,30,90,3],"tags":[10385,15480,17540,1810],"class_list":{"0":"post-162152","1":"post","2":"type-post","3":"status-publish","4":"format-standard","5":"has-post-thumbnail","7":"category-bunol","8":"category-canal-valencia-cf","9":"category-deportes","10":"category-la-hoya","11":"category-opinion","12":"category-opinion-opinion","13":"category-seccion","14":"tag-bunol","15":"tag-joseh-larrazabal","16":"tag-las-hoya-de-bunol-chiva","17":"tag-valencia-cf"},"_links":{"self":[{"href":"https:\/\/www.tucomarca.com\/wordpress\/segunda\/wp-json\/wp\/v2\/posts\/162152","targetHints":{"allow":["GET"]}}],"collection":[{"href":"https:\/\/www.tucomarca.com\/wordpress\/segunda\/wp-json\/wp\/v2\/posts"}],"about":[{"href":"https:\/\/www.tucomarca.com\/wordpress\/segunda\/wp-json\/wp\/v2\/types\/post"}],"author":[{"embeddable":true,"href":"https:\/\/www.tucomarca.com\/wordpress\/segunda\/wp-json\/wp\/v2\/users\/1"}],"replies":[{"embeddable":true,"href":"https:\/\/www.tucomarca.com\/wordpress\/segunda\/wp-json\/wp\/v2\/comments?post=162152"}],"version-history":[{"count":0,"href":"https:\/\/www.tucomarca.com\/wordpress\/segunda\/wp-json\/wp\/v2\/posts\/162152\/revisions"}],"wp:featuredmedia":[{"embeddable":true,"href":"https:\/\/www.tucomarca.com\/wordpress\/segunda\/wp-json\/wp\/v2\/media\/136627"}],"wp:attachment":[{"href":"https:\/\/www.tucomarca.com\/wordpress\/segunda\/wp-json\/wp\/v2\/media?parent=162152"}],"wp:term":[{"taxonomy":"category","embeddable":true,"href":"https:\/\/www.tucomarca.com\/wordpress\/segunda\/wp-json\/wp\/v2\/categories?post=162152"},{"taxonomy":"post_tag","embeddable":true,"href":"https:\/\/www.tucomarca.com\/wordpress\/segunda\/wp-json\/wp\/v2\/tags?post=162152"}],"curies":[{"name":"wp","href":"https:\/\/api.w.org\/{rel}","templated":true}]}}