{"id":162449,"date":"2022-07-22T12:00:00","date_gmt":"2022-07-22T10:00:00","guid":{"rendered":"http:\/\/www.tucomarca.com\/wordpress\/segunda\/?p=162449"},"modified":"2022-07-22T14:45:00","modified_gmt":"2022-07-22T12:45:00","slug":"la-diputacio-destina-35-000-euros-a-proyectos-contra-la-violencia-de-genero-en-el-camp-de-turia-la-serrania-y-el-rincon-de-ademuz","status":"publish","type":"post","link":"https:\/\/www.tucomarca.com\/wordpress\/segunda\/la-diputacio-destina-35-000-euros-a-proyectos-contra-la-violencia-de-genero-en-el-camp-de-turia-la-serrania-y-el-rincon-de-ademuz\/","title":{"rendered":"La Diputaci\u00f3 destina 35.000 euros a proyectos contra la violencia de g\u00e9nero en El Camp de T\u00faria, La Serran\u00eda y El Rinc\u00f3n de Ademuz"},"content":{"rendered":"\n<p><strong>Seis ayuntamientos del Camp de T\u00faria, dos de La Serran\u00eda y uno del Rinc\u00f3n de Ademuz se repartir\u00e1n estas ayudas para pueblos adheridos a la Red provincial<\/strong><\/p>\n\n\n\n<p><strong>Con esta l\u00ednea se subvencionan proyectos de formaci\u00f3n en igualdad, prevenci\u00f3n y detecci\u00f3n de la violencia de g\u00e9nero, comunicaci\u00f3n no sexista, visibilizaci\u00f3n de la mujer e igualdad entre el alumnado<\/strong><\/p>\n\n\n\n<p>El Camp de T\u00faria, La Serran\u00eda y El Rinc\u00f3n de Ademuz recibir\u00e1n entre las tres comarcas algo m\u00e1s de 35.000 euros para poner en marcha proyectos de sensibilizaci\u00f3n y formaci\u00f3n contra la violencia de g\u00e9nero, en el marco de las ayudas que anualmente concede el \u00e1rea de Igualdad de la Diputaci\u00f3 de Val\u00e8ncia a los municipios adheridos a su Red de protecci\u00f3n contra la violencia machista. El Camp de T\u00faria dispondr\u00e1 de algo m\u00e1s de 25.600 euros que se repartir\u00e1n seis ayuntamientos; a La Serran\u00eda le corresponden 5.700 euros para Chelva y Villar del Arzobispo; y al Rinc\u00f3n de Ademuz 3.800 euros para Ademuz.<\/p>\n\n\n\n<p>Las solicitudes aprobadas en El Camp de T\u00faria han sido las de Benaguasil, Casinos, L\u2019Eliana, La Pobla de Vallbona, Riba-roja de T\u00faria y Vilamarxant.<\/p>\n\n\n\n<p>La Diputaci\u00f3 ha aprobado la lista definitiva de subvenciones del presente a\u00f1o a ayuntamientos adheridos a la Red de Municipios Protegidos contra la Violencia de G\u00e9nero, impulsada por el \u00e1rea de Igualdad de la corporaci\u00f3n provincial. En total, 418.000 euros que se repartir\u00e1n entre 92 municipios de las 15 comarcas valencianas, y que oscilan entre los 800 euros de la Font de la Figuera y los m\u00e1s de 11.000 que recibir\u00e1 Alzira.<\/p>\n\n\n\n<p><strong>La mejor respuesta posible<\/strong><\/p>\n\n\n\n<p>La responsable de la delegaci\u00f3n provincial de Igualdad, Eli Garc\u00eda, explica que estas ayudas \u201cpermiten a los ayuntamientos poner en marcha programas que inciden en la prevenci\u00f3n y la formaci\u00f3n para hacer frente a la violencia contra las mujeres, al tiempo que refuerzan el intercambio de experiencias y el trabajo en red que propone la Diputaci\u00f3n con el fin de dar la mejor respuesta posible contra la lacra machista\u201d.<\/p>\n\n\n\n<p>Entre las solicitudes admitidas por el equipo de expertas y el personal t\u00e9cnico del \u00e1rea de Igualdad destacan los proyectos formativos en materia de igualdad y de detecci\u00f3n de conductas violentas contra las mujeres; programas educativos de fomento de una comunicaci\u00f3n basada en la visibilidad de la mujer; talleres para incentivar la igualdad entre el alumnado de centros escolares; protocolos y herramientas para el personal t\u00e9cnico y pol\u00edtico contra la violencia de g\u00e9nero; y hasta una yincana coeducativa que en Alaqu\u00e0s han bautizado como \u2018Doy la chapa por la igualdad\u2019.<\/p>\n\n\n\n<p>La Red de Municipios Protegidos contra la Violencia de G\u00e9nero de la Diputaci\u00f3 de Val\u00e8ncia se cre\u00f3 en noviembre de 2018 con medio centenar de miembros fundadores. En la actualidad cuenta con 144 municipios adheridos, m\u00e1s de la mitad de los ayuntamientos de la provincia.<\/p>\n\n\n\n<figure class=\"wp-block-gallery columns-3 is-cropped wp-block-gallery-1 is-layout-flex wp-block-gallery-is-layout-flex\"><ul class=\"blocks-gallery-grid\"><li class=\"blocks-gallery-item\"><figure><img loading=\"lazy\" decoding=\"async\" width=\"1024\" height=\"665\" src=\"https:\/\/www.tucomarca.com\/wordpress\/segunda\/wp-content\/uploads\/2022\/07\/10_Camp-de-turia1_San-Antonio-Benageber-1-1024x665.jpg\" alt=\"\" data-id=\"162456\" data-link=\"https:\/\/www.tucomarca.com\/wordpress\/segunda\/?attachment_id=162456\" class=\"wp-image-162456\" srcset=\"https:\/\/www.tucomarca.com\/wordpress\/segunda\/wp-content\/uploads\/2022\/07\/10_Camp-de-turia1_San-Antonio-Benageber-1-1024x665.jpg 1024w, https:\/\/www.tucomarca.com\/wordpress\/segunda\/wp-content\/uploads\/2022\/07\/10_Camp-de-turia1_San-Antonio-Benageber-1-300x195.jpg 300w, https:\/\/www.tucomarca.com\/wordpress\/segunda\/wp-content\/uploads\/2022\/07\/10_Camp-de-turia1_San-Antonio-Benageber-1-768x499.jpg 768w, https:\/\/www.tucomarca.com\/wordpress\/segunda\/wp-content\/uploads\/2022\/07\/10_Camp-de-turia1_San-Antonio-Benageber-1-1536x998.jpg 1536w, https:\/\/www.tucomarca.com\/wordpress\/segunda\/wp-content\/uploads\/2022\/07\/10_Camp-de-turia1_San-Antonio-Benageber-1-2048x1331.jpg 2048w\" sizes=\"auto, (max-width: 1024px) 100vw, 1024px\" \/><\/figure><\/li><li class=\"blocks-gallery-item\"><figure><img loading=\"lazy\" decoding=\"async\" width=\"1024\" height=\"665\" src=\"https:\/\/www.tucomarca.com\/wordpress\/segunda\/wp-content\/uploads\/2022\/07\/10_Camp-de-turia2-_Casinos-1024x665.jpg\" alt=\"\" data-id=\"162458\" data-link=\"https:\/\/www.tucomarca.com\/wordpress\/segunda\/?attachment_id=162458\" class=\"wp-image-162458\" srcset=\"https:\/\/www.tucomarca.com\/wordpress\/segunda\/wp-content\/uploads\/2022\/07\/10_Camp-de-turia2-_Casinos-1024x665.jpg 1024w, https:\/\/www.tucomarca.com\/wordpress\/segunda\/wp-content\/uploads\/2022\/07\/10_Camp-de-turia2-_Casinos-300x195.jpg 300w, https:\/\/www.tucomarca.com\/wordpress\/segunda\/wp-content\/uploads\/2022\/07\/10_Camp-de-turia2-_Casinos-768x499.jpg 768w, https:\/\/www.tucomarca.com\/wordpress\/segunda\/wp-content\/uploads\/2022\/07\/10_Camp-de-turia2-_Casinos-1536x998.jpg 1536w, https:\/\/www.tucomarca.com\/wordpress\/segunda\/wp-content\/uploads\/2022\/07\/10_Camp-de-turia2-_Casinos-2048x1331.jpg 2048w\" sizes=\"auto, (max-width: 1024px) 100vw, 1024px\" \/><\/figure><\/li><li class=\"blocks-gallery-item\"><figure><img loading=\"lazy\" decoding=\"async\" width=\"1024\" height=\"665\" src=\"https:\/\/www.tucomarca.com\/wordpress\/segunda\/wp-content\/uploads\/2022\/07\/6_La-Serrania-foto_Abulaila-2-1024x665.jpg\" alt=\"\" data-id=\"162460\" data-full-url=\"https:\/\/www.tucomarca.com\/wordpress\/segunda\/wp-content\/uploads\/2022\/07\/6_La-Serrania-foto_Abulaila-2.jpg\" data-link=\"https:\/\/www.tucomarca.com\/wordpress\/segunda\/?attachment_id=162460\" class=\"wp-image-162460\" srcset=\"https:\/\/www.tucomarca.com\/wordpress\/segunda\/wp-content\/uploads\/2022\/07\/6_La-Serrania-foto_Abulaila-2-1024x665.jpg 1024w, https:\/\/www.tucomarca.com\/wordpress\/segunda\/wp-content\/uploads\/2022\/07\/6_La-Serrania-foto_Abulaila-2-300x195.jpg 300w, https:\/\/www.tucomarca.com\/wordpress\/segunda\/wp-content\/uploads\/2022\/07\/6_La-Serrania-foto_Abulaila-2-768x499.jpg 768w, https:\/\/www.tucomarca.com\/wordpress\/segunda\/wp-content\/uploads\/2022\/07\/6_La-Serrania-foto_Abulaila-2-1536x998.jpg 1536w, https:\/\/www.tucomarca.com\/wordpress\/segunda\/wp-content\/uploads\/2022\/07\/6_La-Serrania-foto_Abulaila-2-2048x1331.jpg 2048w\" sizes=\"auto, (max-width: 1024px) 100vw, 1024px\" \/><\/figure><\/li><\/ul><\/figure>\n","protected":false},"excerpt":{"rendered":"<div class=\"mh-excerpt\">Seis ayuntamientos del Camp de T\u00faria, dos de La Serran\u00eda y uno del Rinc\u00f3n de Ademuz se repartir\u00e1n estas ayudas para pueblos adheridos a la Red provincial Con esta l\u00ednea se subvencionan proyectos de formaci\u00f3n <a class=\"mh-excerpt-more\" href=\"https:\/\/www.tucomarca.com\/wordpress\/segunda\/la-diputacio-destina-35-000-euros-a-proyectos-contra-la-violencia-de-genero-en-el-camp-de-turia-la-serrania-y-el-rincon-de-ademuz\/\" title=\"La Diputaci\u00f3 destina 35.000 euros a proyectos contra la violencia de g\u00e9nero en El Camp de T\u00faria, La Serran\u00eda y El Rinc\u00f3n de Ademuz\">[+] <\/a><\/div>\n","protected":false},"author":13,"featured_media":162450,"comment_status":"open","ping_status":"open","sticky":false,"template":"","format":"standard","meta":{"footnotes":""},"categories":[223,49,172,46,175,188,128,177,8,174,59,142,182,3,45,184,171],"tags":[10397,10429,10395,10431,10442,1335,17563,8900,2041,10618,10428],"class_list":{"0":"post-162449","1":"post","2":"type-post","3":"status-publish","4":"format-standard","5":"has-post-thumbnail","7":"category-ademuz-ademuz","8":"category-ademuz","9":"category-benaguasil","10":"category-camp-de-turia","11":"category-casinos","12":"category-chelva","13":"category-infraestructuras","14":"category-leliana","15":"category-la-comarca","16":"category-la-pobla","17":"category-los-serranos","18":"category-politica-la-comarca","19":"category-riba-roja","20":"category-seccion","21":"category-ventana","22":"category-vilamarxant","23":"category-villar-del-arzobispo","24":"tag-ademuz","25":"tag-benaguasil","26":"tag-camp-de-turia","27":"tag-casinos","28":"tag-chelva","29":"tag-la-pobla-de-vallbona","30":"tag-leliana-3","31":"tag-riba-roja-del-turia","32":"tag-rincon-ademuz","33":"tag-villamarxant","34":"tag-villar-del-arzobispo"},"_links":{"self":[{"href":"https:\/\/www.tucomarca.com\/wordpress\/segunda\/wp-json\/wp\/v2\/posts\/162449","targetHints":{"allow":["GET"]}}],"collection":[{"href":"https:\/\/www.tucomarca.com\/wordpress\/segunda\/wp-json\/wp\/v2\/posts"}],"about":[{"href":"https:\/\/www.tucomarca.com\/wordpress\/segunda\/wp-json\/wp\/v2\/types\/post"}],"author":[{"embeddable":true,"href":"https:\/\/www.tucomarca.com\/wordpress\/segunda\/wp-json\/wp\/v2\/users\/13"}],"replies":[{"embeddable":true,"href":"https:\/\/www.tucomarca.com\/wordpress\/segunda\/wp-json\/wp\/v2\/comments?post=162449"}],"version-history":[{"count":0,"href":"https:\/\/www.tucomarca.com\/wordpress\/segunda\/wp-json\/wp\/v2\/posts\/162449\/revisions"}],"wp:featuredmedia":[{"embeddable":true,"href":"https:\/\/www.tucomarca.com\/wordpress\/segunda\/wp-json\/wp\/v2\/media\/162450"}],"wp:attachment":[{"href":"https:\/\/www.tucomarca.com\/wordpress\/segunda\/wp-json\/wp\/v2\/media?parent=162449"}],"wp:term":[{"taxonomy":"category","embeddable":true,"href":"https:\/\/www.tucomarca.com\/wordpress\/segunda\/wp-json\/wp\/v2\/categories?post=162449"},{"taxonomy":"post_tag","embeddable":true,"href":"https:\/\/www.tucomarca.com\/wordpress\/segunda\/wp-json\/wp\/v2\/tags?post=162449"}],"curies":[{"name":"wp","href":"https:\/\/api.w.org\/{rel}","templated":true}]}}