{"id":162487,"date":"2022-07-21T17:00:00","date_gmt":"2022-07-21T15:00:00","guid":{"rendered":"http:\/\/www.tucomarca.com\/wordpress\/segunda\/?p=162487"},"modified":"2022-07-22T14:48:24","modified_gmt":"2022-07-22T12:48:24","slug":"el-campeonato-de-futbol-sala-de-verano-de-bunol-organiza-su-tercera-semana-con-grandes-partidos-y-mucha-expectacion-entre-las-gradas","status":"publish","type":"post","link":"https:\/\/www.tucomarca.com\/wordpress\/segunda\/el-campeonato-de-futbol-sala-de-verano-de-bunol-organiza-su-tercera-semana-con-grandes-partidos-y-mucha-expectacion-entre-las-gradas\/","title":{"rendered":"El Campeonato de F\u00fatbol Sala de Verano de Bu\u00f1ol organiza su tercera semana con grandes partidos y mucha expectaci\u00f3n entre las gradas"},"content":{"rendered":"\n<p>Hasta el 24 de agosto est\u00e1 teniendo lugar todas las tardes de lunes a viernes en el Poli de la Piscina Municipal de Bu\u00f1ol, de 19 a 0h, el Campeonato de Verano de F\u00fatbol Sala en diferentes categor\u00edas. Arranc\u00f3 el pasado 4 de julio y todas las tardes numerosos aficionados, vecinos de la localidad y familiares de los jugadores llenan las gradas de estas instalaciones. Esta semana ya es la tercera de campeonato y la rivalidad y la competitividad aumenta en cada partido.<\/p>\n\n\n\n<p>Manuel Sierra, concejal de Deportes del Ayuntamiento de Bu\u00f1ol, muestra su satisfacci\u00f3n por la enorme afluencia de p\u00fablico de todas las edades que acuden a ver los partidos todas las noches. \u201cEsper\u00e1bamos que Bu\u00f1ol se volcara con este campeonato tan esperado despu\u00e9s de dos a\u00f1os de pandemia, pero el resultado est\u00e1 superando las expectativas iniciales al registrar un lleno absoluto cada d\u00eda. Agradezco la colaboraci\u00f3n de todos los que hacen posible de forma altruista que sea un \u00e9xito cada jornada deportiva. Estamos muy contentos y esperamos que los vecinos y visitantes sigan disfrutando de las tardes en el Poli como lo est\u00e1n haciendo hasta ahora, que ya estamos en el ecuador de este esperado campeonato de f\u00fatbol sala\u201d.&nbsp;<\/p>\n\n\n\n<p>Cada d\u00eda se informa del horario de todos los partidos a trav\u00e9s de las redes sociales de Radio Bu\u00f1ol TV (Facebook, Twitter y canal de difusi\u00f3n de Whatsapp) y del Ayuntamiento de Bu\u00f1ol y tambi\u00e9n se dice en los Informativos locales-comarcales de 11 a 11.30h de esta radio municipal. Adem\u00e1s todos los jueves de 12.45 a 13.45h el programa de Radio Bu\u00f1ol TV, presentado por Jos\u00e9 Larraz\u00e1bal, Libre Directo, enumera todos los resultados de la semana anterior. Es el programa oficial de este campeonato deportivo.<\/p>\n\n\n\n<p>Hoy jueves 21 de julio los partidos que podr\u00e1n verse en el Polideportivo de la Piscina Municipal de Bu\u00f1ol son: 20:30h. (Medianos) Minuto 12 &#8211; F\u00fatsal 380; 21:20h. (Libres G1) Veteranos Bu\u00f1ol &#8211; Real Albencancel; 22:10h. (Libres G1) TCN &#8211; Analg\u00e9sicos.<\/p>\n\n\n\n<p>Los resultados de la \u00faltima semana, desde el jueves 14 al martes 19 de julio son:&nbsp;<\/p>\n\n\n\n<p>JUEVES 14 JULIO<\/p>\n\n\n\n<p>Bayern de los Ca\u00eddos \u2013 Los Diablos 7-0<\/p>\n\n\n\n<p>El Chiringuito \u2013 Gal\u00e1cticos de Turche 2-7<\/p>\n\n\n\n<p>Milan Rover CF \u2013 Rayatuns 5-1<\/p>\n\n\n\n<p>Los Carboneros \u2013 Minuto 12 9-0<\/p>\n\n\n\n<p>VIERNES 15 JULIO<\/p>\n\n\n\n<p>El Imperio \u2013 Va De Fusta 2-6<\/p>\n\n\n\n<p>Tienda El Hortelano \u2013 TCN 1-6<\/p>\n\n\n\n<p>Treinta y Tres \u2013 Sikomotronik 0-3<\/p>\n\n\n\n<p>Futsal 380 \u2013 Los Carboneros 1-4<\/p>\n\n\n\n<p>LUNES 18 JULIO<\/p>\n\n\n\n<p>Los Tigres \u2013 Futsal 380 1-7<\/p>\n\n\n\n<p>Pizzeria Buedo \u2013 Veteranos Bu\u00f1ol 1-5<\/p>\n\n\n\n<p>Aston Birra \u2013 Los Diablos 1-6<\/p>\n\n\n\n<p>Vayoletas Wins Team \u2013 La \u00c9lite 1-3<\/p>\n\n\n\n<p>MARTES 19 JULIO<\/p>\n\n\n\n<p>Analg\u00e9sicos \u2013 Real Albecancel 2-0<\/p>\n\n\n\n<p>Tienda El Hortelano \u2013 Milan Rover CF 1-2<\/p>\n\n\n\n<p>Ayer mi\u00e9rcoles los partidos disputados fueron: Los Cocodrilos \u2013 Va De Fusta; Dream Team \u2013 Gal\u00e1cticos de Turche; Rayatuns \u2013 Pizzer\u00eda Buedo; y Sikomotronik \u2013 Bu\u00f1ol B.<\/p>\n\n\n\n<p>Los partidos que se disputar\u00e1n ma\u00f1ana viernes 22 de julio son: 19.40 Nostre Cos \u2013 Benjam\u00edn United: 20.30h El Imperio \u2013 Los Tigres; 21.20h Veteranos Bu\u00f1ol \u2013 Real Albecancel y 22.10 La \u00c9lite \u2013 El Chiringuito.&nbsp;<\/p>\n\n\n\n<p>Se recuerda que las categor\u00edas de este campeonato de F\u00fatbol Sala de Verano son S\u00e9nior masculino (a partir de 16 a\u00f1os), \u2013conocida como Categor\u00eda Libre-, Mayores (de 13 a 15 a\u00f1os), Medianos (de 10 a 12 a\u00f1os) y Peque\u00f1os (de 7 a 9 a\u00f1os).<\/p>\n","protected":false},"excerpt":{"rendered":"<div class=\"mh-excerpt\">Hasta el 24 de agosto est\u00e1 teniendo lugar todas las tardes de lunes a viernes en el Poli de la Piscina Municipal de Bu\u00f1ol, de 19 a 0h, el Campeonato de Verano de F\u00fatbol Sala <a class=\"mh-excerpt-more\" href=\"https:\/\/www.tucomarca.com\/wordpress\/segunda\/el-campeonato-de-futbol-sala-de-verano-de-bunol-organiza-su-tercera-semana-con-grandes-partidos-y-mucha-expectacion-entre-las-gradas\/\" title=\"El Campeonato de F\u00fatbol Sala de Verano de Bu\u00f1ol organiza su tercera semana con grandes partidos y mucha expectaci\u00f3n entre las gradas\">[+] <\/a><\/div>\n","protected":false},"author":13,"featured_media":162488,"comment_status":"open","ping_status":"open","sticky":false,"template":"","format":"standard","meta":{"footnotes":""},"categories":[18,6,222,8,10,3],"tags":[10385,288,5952],"class_list":{"0":"post-162487","1":"post","2":"type-post","3":"status-publish","4":"format-standard","5":"has-post-thumbnail","7":"category-bunol","8":"category-deportes","9":"category-futbol-sala","10":"category-la-comarca","11":"category-la-hoya","12":"category-seccion","13":"tag-bunol","14":"tag-futbol-sala-2","15":"tag-la-hoya-de-bunol-chiva"},"_links":{"self":[{"href":"https:\/\/www.tucomarca.com\/wordpress\/segunda\/wp-json\/wp\/v2\/posts\/162487","targetHints":{"allow":["GET"]}}],"collection":[{"href":"https:\/\/www.tucomarca.com\/wordpress\/segunda\/wp-json\/wp\/v2\/posts"}],"about":[{"href":"https:\/\/www.tucomarca.com\/wordpress\/segunda\/wp-json\/wp\/v2\/types\/post"}],"author":[{"embeddable":true,"href":"https:\/\/www.tucomarca.com\/wordpress\/segunda\/wp-json\/wp\/v2\/users\/13"}],"replies":[{"embeddable":true,"href":"https:\/\/www.tucomarca.com\/wordpress\/segunda\/wp-json\/wp\/v2\/comments?post=162487"}],"version-history":[{"count":0,"href":"https:\/\/www.tucomarca.com\/wordpress\/segunda\/wp-json\/wp\/v2\/posts\/162487\/revisions"}],"wp:featuredmedia":[{"embeddable":true,"href":"https:\/\/www.tucomarca.com\/wordpress\/segunda\/wp-json\/wp\/v2\/media\/162488"}],"wp:attachment":[{"href":"https:\/\/www.tucomarca.com\/wordpress\/segunda\/wp-json\/wp\/v2\/media?parent=162487"}],"wp:term":[{"taxonomy":"category","embeddable":true,"href":"https:\/\/www.tucomarca.com\/wordpress\/segunda\/wp-json\/wp\/v2\/categories?post=162487"},{"taxonomy":"post_tag","embeddable":true,"href":"https:\/\/www.tucomarca.com\/wordpress\/segunda\/wp-json\/wp\/v2\/tags?post=162487"}],"curies":[{"name":"wp","href":"https:\/\/api.w.org\/{rel}","templated":true}]}}