{"id":16250,"date":"2013-07-08T12:31:45","date_gmt":"2013-07-08T09:31:45","guid":{"rendered":"http:\/\/www.tucomarca.com\/wordpress\/segunda\/?p=16250"},"modified":"2013-07-08T12:32:32","modified_gmt":"2013-07-08T09:32:32","slug":"el-cd-bunol-incorpora-a-jonny-para-reforzar-su-linea-de-ataque","status":"publish","type":"post","link":"https:\/\/www.tucomarca.com\/wordpress\/segunda\/el-cd-bunol-incorpora-a-jonny-para-reforzar-su-linea-de-ataque\/","title":{"rendered":"El CD Bu\u00f1ol incorpora a Jonny para reforzar su l\u00ednea de ataque"},"content":{"rendered":"<p><figure id=\"attachment_16251\" aria-describedby=\"caption-attachment-16251\" style=\"width: 300px\" class=\"wp-caption alignleft\"><a href=\"https:\/\/www.tucomarca.com\/wordpress\/segunda\/?attachment_id=16251\" rel=\"attachment wp-att-16251\"><img loading=\"lazy\" decoding=\"async\" src=\"https:\/\/www.tucomarca.com\/wordpress\/segunda\/wp-content\/uploads\/2013\/07\/P1140952-300x225.jpg\" alt=\"\" title=\"P1140952\" width=\"300\" height=\"225\" class=\"size-medium wp-image-16251\" srcset=\"https:\/\/www.tucomarca.com\/wordpress\/segunda\/wp-content\/uploads\/2013\/07\/P1140952-300x225.jpg 300w, https:\/\/www.tucomarca.com\/wordpress\/segunda\/wp-content\/uploads\/2013\/07\/P1140952-1024x768.jpg 1024w\" sizes=\"auto, (max-width: 300px) 100vw, 300px\" \/><\/a><figcaption id=\"caption-attachment-16251\" class=\"wp-caption-text\">Jonny, nuevo fichaje blanco. tc.c<\/figcaption><\/figure>El CD Bu\u00f1ol ha cerrado la incorporaci\u00f3n de Jonathan Fern\u00e1ndez Company, \u00abJonny\u00bb. Se trata de un futbolista que se desenvuelve con gran habilidad en la zona de ataque, tanto en banda izquierda como de media punta o delantero.<br \/>\nDespu\u00e9s de haber jugado la pasada temporada en el CD Utiel y en el Alginet, el futbolista, que protagoniz\u00f3 una aventura en Marruecos, ha decidido sumarse al proyecto deportivo dirigido por Miguel \u00c1ngel Cari\u00f1ena.<\/p>\n","protected":false},"excerpt":{"rendered":"<div class=\"mh-excerpt\">El CD Bu\u00f1ol ha cerrado la incorporaci\u00f3n de Jonathan Fern\u00e1ndez Company, \u00abJonny\u00bb. Se trata de un futbolista que se desenvuelve con gran habilidad en la zona de ataque, tanto en banda izquierda como de media <a class=\"mh-excerpt-more\" href=\"https:\/\/www.tucomarca.com\/wordpress\/segunda\/el-cd-bunol-incorpora-a-jonny-para-reforzar-su-linea-de-ataque\/\" title=\"El CD Bu\u00f1ol incorpora a Jonny para reforzar su l\u00ednea de ataque\">[+] <\/a><\/div>\n","protected":false},"author":2,"featured_media":16251,"comment_status":"open","ping_status":"open","sticky":false,"template":"","format":"standard","meta":{"footnotes":""},"categories":[18,50,6,10,3],"tags":[1382,537,1381,1383],"class_list":{"0":"post-16250","1":"post","2":"type-post","3":"status-publish","4":"format-standard","5":"has-post-thumbnail","7":"category-bunol","8":"category-futbol-deportes","9":"category-deportes","10":"category-la-hoya","11":"category-seccion","12":"tag-ataque","13":"tag-cd-bunol","14":"tag-jonny","15":"tag-mediapunta"},"_links":{"self":[{"href":"https:\/\/www.tucomarca.com\/wordpress\/segunda\/wp-json\/wp\/v2\/posts\/16250","targetHints":{"allow":["GET"]}}],"collection":[{"href":"https:\/\/www.tucomarca.com\/wordpress\/segunda\/wp-json\/wp\/v2\/posts"}],"about":[{"href":"https:\/\/www.tucomarca.com\/wordpress\/segunda\/wp-json\/wp\/v2\/types\/post"}],"author":[{"embeddable":true,"href":"https:\/\/www.tucomarca.com\/wordpress\/segunda\/wp-json\/wp\/v2\/users\/2"}],"replies":[{"embeddable":true,"href":"https:\/\/www.tucomarca.com\/wordpress\/segunda\/wp-json\/wp\/v2\/comments?post=16250"}],"version-history":[{"count":0,"href":"https:\/\/www.tucomarca.com\/wordpress\/segunda\/wp-json\/wp\/v2\/posts\/16250\/revisions"}],"wp:featuredmedia":[{"embeddable":true,"href":"https:\/\/www.tucomarca.com\/wordpress\/segunda\/wp-json\/wp\/v2\/media\/16251"}],"wp:attachment":[{"href":"https:\/\/www.tucomarca.com\/wordpress\/segunda\/wp-json\/wp\/v2\/media?parent=16250"}],"wp:term":[{"taxonomy":"category","embeddable":true,"href":"https:\/\/www.tucomarca.com\/wordpress\/segunda\/wp-json\/wp\/v2\/categories?post=16250"},{"taxonomy":"post_tag","embeddable":true,"href":"https:\/\/www.tucomarca.com\/wordpress\/segunda\/wp-json\/wp\/v2\/tags?post=16250"}],"curies":[{"name":"wp","href":"https:\/\/api.w.org\/{rel}","templated":true}]}}